{"id":83442,"date":"2026-09-02T12:01:04","date_gmt":"2026-09-02T18:01:04","guid":{"rendered":"https:\/\/centroprodh.org.mx\/sididh4_0\/?p=83442"},"modified":"2026-09-02T12:01:04","modified_gmt":"2026-09-02T18:01:04","slug":"informe-mujeres-en-contextos-de-movilidad","status":"publish","type":"post","link":"https:\/\/centroprodh.org.mx\/sididh4_0\/2026\/09\/02\/informe-mujeres-en-contextos-de-movilidad\/","title":{"rendered":"Informe &#8220;Mujeres en contextos de movilidad&#8221;"},"content":{"rendered":"<body><p>El <strong>Instituto para las Mujeres en la Migraci\u00f3n, AC (IMUMI)<\/strong> invita a la presentaci\u00f3n del <strong>informe \u201cMujeres en contextos de movilidad\u201d<\/strong> sobre <strong>violencia de g\u00e9nero y pol\u00edticas p\u00fablicas<\/strong> en M\u00e9xico.<\/p>\n<p>En este se abordan c\u00f3mo responden las pol\u00edticas p\u00fablicas actuales a los <strong>riesgos que enfrentan las mujeres migrantes sobrevivientes de violencia<\/strong>. \u00c9ste se realiza en colaboraci\u00f3n con la <strong>Red Mesoamericana Mujer, Salud y Migraci\u00f3n<\/strong>.<\/p>\n<p>Ser\u00e1 el 9 septiembre a las 10:00 horas en\u00a0<strong>Casa Refugio de la Memoria (CDMX).\u00a0<\/strong><\/p>\n<\/body>","protected":false},"excerpt":{"rendered":"<p>El Instituto para las Mujeres en la Migraci\u00f3n, AC (IMUMI) invita a la presentaci\u00f3n del informe \u201cMujeres en contextos de movilidad\u201d sobre violencia de g\u00e9nero y pol\u00edticas p\u00fablicas en M\u00e9xico. En este se abordan c\u00f3mo responden las pol\u00edticas p\u00fablicas actuales a los riesgos que enfrentan las mujeres migrantes sobrevivientes de violencia. \u00c9ste se realiza en [&hellip;]<\/p>\n","protected":false},"author":8,"featured_media":0,"comment_status":"closed","ping_status":"open","sticky":false,"template":"","format":"standard","meta":{"footnotes":""},"categories":[6],"tags":[],"class_list":["post-83442","post","type-post","status-publish","format-standard","hentry","category-agenda"],"_links":{"self":[{"href":"https:\/\/centroprodh.org.mx\/sididh4_0\/wp-json\/wp\/v2\/posts\/83442","targetHints":{"allow":["GET"]}}],"collection":[{"href":"https:\/\/centroprodh.org.mx\/sididh4_0\/wp-json\/wp\/v2\/posts"}],"about":[{"href":"https:\/\/centroprodh.org.mx\/sididh4_0\/wp-json\/wp\/v2\/types\/post"}],"author":[{"embeddable":true,"href":"https:\/\/centroprodh.org.mx\/sididh4_0\/wp-json\/wp\/v2\/users\/8"}],"replies":[{"embeddable":true,"href":"https:\/\/centroprodh.org.mx\/sididh4_0\/wp-json\/wp\/v2\/comments?post=83442"}],"version-history":[{"count":1,"href":"https:\/\/centroprodh.org.mx\/sididh4_0\/wp-json\/wp\/v2\/posts\/83442\/revisions"}],"predecessor-version":[{"id":83445,"href":"https:\/\/centroprodh.org.mx\/sididh4_0\/wp-json\/wp\/v2\/posts\/83442\/revisions\/83445"}],"wp:attachment":[{"href":"https:\/\/centroprodh.org.mx\/sididh4_0\/wp-json\/wp\/v2\/media?parent=83442"}],"wp:term":[{"taxonomy":"category","embeddable":true,"href":"https:\/\/centroprodh.org.mx\/sididh4_0\/wp-json\/wp\/v2\/categories?post=83442"},{"taxonomy":"post_tag","embeddable":true,"href":"https:\/\/centroprodh.org.mx\/sididh4_0\/wp-json\/wp\/v2\/tags?post=83442"}],"curies":[{"name":"wp","href":"https:\/\/api.w.org\/{rel}","templated":true}]}}