{"id":83438,"date":"2026-09-01T11:43:57","date_gmt":"2026-09-01T17:43:57","guid":{"rendered":"https:\/\/centroprodh.org.mx\/sididh4_0\/?p=83438"},"modified":"2026-09-01T11:43:57","modified_gmt":"2026-09-01T17:43:57","slug":"oaxaca-seis-personas-desaparecen-al-dia-colectivos-denuncian-falta-de-avances-en-busquedas-y-exigen-renuncia-de-comisionada","status":"publish","type":"post","link":"https:\/\/centroprodh.org.mx\/sididh4_0\/2026\/09\/01\/oaxaca-seis-personas-desaparecen-al-dia-colectivos-denuncian-falta-de-avances-en-busquedas-y-exigen-renuncia-de-comisionada\/","title":{"rendered":"Oaxaca: seis personas desaparecen al d\u00eda, colectivos denuncian falta de avances en b\u00fasquedas y exigen renuncia de comisionada"},"content":{"rendered":"<body><p><\/p>\n<p style=\"text-align: center;\"><img loading=\"lazy\" decoding=\"async\" class=\"alignnone size-medium wp-image-83439\" src=\"https:\/\/centroprodh.org.mx\/sididh4_0\/wp-content\/uploads\/2026\/09\/oaxaca_desaparicion-300x200.jpeg\" alt=\"\" width=\"300\" height=\"200\" loading=\"lazy\" srcset=\"https:\/\/centroprodh.org.mx\/sididh4_0\/wp-content\/uploads\/2026\/09\/oaxaca_desaparicion-300x200.jpeg 300w, https:\/\/centroprodh.org.mx\/sididh4_0\/wp-content\/uploads\/2026\/09\/oaxaca_desaparicion.jpeg 450w\" sizes=\"auto, (max-width: 300px) 100vw, 300px\" \/><\/p>\n<p>La <strong>crisis de desapariciones se agrava cada vez m\u00e1s en Oaxaca<\/strong>, de acuerdo con datos y denuncias de colectivos de b\u00fasqueda en el estado, se reportan en promedio seis personas desaparecidas al d\u00eda; mientras que el Registro nacional de Personas Desaparecidas y No Localizadas (RNPDNO) revela una tendencia inquietante: en 2022 se contabilizaron <strong>418 personas a\u00fan desaparecidas o no localizadas; para 2023 era 620; en 2024 eran 730; en 2025, 760; y al 16 de mayo de 2026, la cifra lleg\u00f3 a 801<\/strong>.<\/p>\n<p>Frente a estas cifras que revelan la gravedad de <strong>la crisis y el dolor de la ausencia<\/strong> que atraviesan madres, padres y diversas familias, en el marco del<strong> D\u00eda Internacional de las V\u00edctimas de Desapariciones Forzadas<\/strong>, conmemorada cada 30 de agosto, colectivos de b\u00fasqueda en Oaxaca <strong>volvieron a tomar las calles para exigir la localizaci\u00f3n de sus hijas, hijos y seres queridos y avances en sus b\u00fasquedas<\/strong>.<\/p>\n<p>Durante el recorrido <strong>desde la fuente de las Ocho Regiones hacia el z\u00f3calo<\/strong>, las familias, organizaciones y colectivos denunciaron la falta de resultados por parte de la Comisi\u00f3n Estatal de B\u00fasqueda de Personas Desaparecidas para el Estado de Oaxaca, as\u00ed como su falta de transparencia en los recursos econ\u00f3micos destinados para la b\u00fasqueda de personas, por lo que exigieron la renuncia inmediata del titular de este organismo estatal.<\/p>\n<p>Lee m\u00e1s en <a href=\"https:\/\/www.educaoaxaca.org\/oaxaca-seis-personas-desaparecen-al-dia-colectivos-denuncian-falta-de-avances-en-busquedas-y-exigen-renuncia-de-comisionada\/\"><em>Educa Oaxaca<\/em><\/a>.<\/p>\n<\/body>","protected":false},"excerpt":{"rendered":"<p>La crisis de desapariciones se agrava cada vez m\u00e1s en Oaxaca, de acuerdo con datos y denuncias de colectivos de b\u00fasqueda en el estado, se reportan en promedio seis personas desaparecidas al d\u00eda; mientras que el Registro nacional de Personas Desaparecidas y No Localizadas (RNPDNO) revela una tendencia inquietante: en 2022 se contabilizaron 418 personas [&hellip;]<\/p>\n","protected":false},"author":8,"featured_media":83439,"comment_status":"closed","ping_status":"open","sticky":false,"template":"","format":"standard","meta":{"footnotes":""},"categories":[2],"tags":[],"class_list":["post-83438","post","type-post","status-publish","format-standard","has-post-thumbnail","hentry","category-nota-del-dia"],"_links":{"self":[{"href":"https:\/\/centroprodh.org.mx\/sididh4_0\/wp-json\/wp\/v2\/posts\/83438","targetHints":{"allow":["GET"]}}],"collection":[{"href":"https:\/\/centroprodh.org.mx\/sididh4_0\/wp-json\/wp\/v2\/posts"}],"about":[{"href":"https:\/\/centroprodh.org.mx\/sididh4_0\/wp-json\/wp\/v2\/types\/post"}],"author":[{"embeddable":true,"href":"https:\/\/centroprodh.org.mx\/sididh4_0\/wp-json\/wp\/v2\/users\/8"}],"replies":[{"embeddable":true,"href":"https:\/\/centroprodh.org.mx\/sididh4_0\/wp-json\/wp\/v2\/comments?post=83438"}],"version-history":[{"count":1,"href":"https:\/\/centroprodh.org.mx\/sididh4_0\/wp-json\/wp\/v2\/posts\/83438\/revisions"}],"predecessor-version":[{"id":83440,"href":"https:\/\/centroprodh.org.mx\/sididh4_0\/wp-json\/wp\/v2\/posts\/83438\/revisions\/83440"}],"wp:featuredmedia":[{"embeddable":true,"href":"https:\/\/centroprodh.org.mx\/sididh4_0\/wp-json\/wp\/v2\/media\/83439"}],"wp:attachment":[{"href":"https:\/\/centroprodh.org.mx\/sididh4_0\/wp-json\/wp\/v2\/media?parent=83438"}],"wp:term":[{"taxonomy":"category","embeddable":true,"href":"https:\/\/centroprodh.org.mx\/sididh4_0\/wp-json\/wp\/v2\/categories?post=83438"},{"taxonomy":"post_tag","embeddable":true,"href":"https:\/\/centroprodh.org.mx\/sididh4_0\/wp-json\/wp\/v2\/tags?post=83438"}],"curies":[{"name":"wp","href":"https:\/\/api.w.org\/{rel}","templated":true}]}}