{"id":83436,"date":"2026-09-01T11:32:31","date_gmt":"2026-09-01T17:32:31","guid":{"rendered":"https:\/\/centroprodh.org.mx\/sididh4_0\/?p=83436"},"modified":"2026-09-01T11:32:31","modified_gmt":"2026-09-01T17:32:31","slug":"pronunciamiento-de-las-madres-y-padres-de-ayotzinapa","status":"publish","type":"post","link":"https:\/\/centroprodh.org.mx\/sididh4_0\/2026\/09\/01\/pronunciamiento-de-las-madres-y-padres-de-ayotzinapa\/","title":{"rendered":"Pronunciamiento de las madres y padres de Ayotzinapa"},"content":{"rendered":"<body><p><\/p>\n<p style=\"text-align: center;\"><img loading=\"lazy\" decoding=\"async\" class=\"alignnone size-medium wp-image-82784\" src=\"https:\/\/centroprodh.org.mx\/sididh4_0\/wp-content\/uploads\/2026\/06\/2026_Ayotzi_cerco-300x200.jpeg\" alt=\"\" width=\"300\" height=\"200\" loading=\"lazy\" srcset=\"https:\/\/centroprodh.org.mx\/sididh4_0\/wp-content\/uploads\/2026\/06\/2026_Ayotzi_cerco-300x200.jpeg 300w, https:\/\/centroprodh.org.mx\/sididh4_0\/wp-content\/uploads\/2026\/06\/2026_Ayotzi_cerco-1024x682.jpeg 1024w, https:\/\/centroprodh.org.mx\/sididh4_0\/wp-content\/uploads\/2026\/06\/2026_Ayotzi_cerco-768x512.jpeg 768w, https:\/\/centroprodh.org.mx\/sididh4_0\/wp-content\/uploads\/2026\/06\/2026_Ayotzi_cerco-1536x1023.jpeg 1536w, https:\/\/centroprodh.org.mx\/sididh4_0\/wp-content\/uploads\/2026\/06\/2026_Ayotzi_cerco.jpeg 1600w\" sizes=\"auto, (max-width: 300px) 100vw, 300px\" \/><\/p>\n<p>Las<strong> madres y padres de los 43 normalistas desaparecidos de Ayotzinapa<\/strong> emitieron un <strong>pronunciamiento<\/strong> sobre la informaci\u00f3n tras la <strong>nota publicada<\/strong> recientemente con el t\u00edtulo \u201cDan giro al caso Ayotzinapa 20 bolsas con restos y un crematorio clandestino\u201d.<\/p>\n<p>En el texto se expresa que la informaci\u00f3n period\u00edstica publicada es <strong>falsa e imprecisa<\/strong>, mezcla informaci\u00f3n que se tiene desde el a\u00f1o 2014 hasta el d\u00eda de hoy (2026). En la nota dice que fueron encontradas 20 bolsas con restos y que los mismos se encuentran en estudios. Bolsas que supuestamente fueron encontradas en el basurero de Cocula y en el r\u00edo San Joaqu\u00edn, as\u00ed como dentro y fuera de la funeraria el \u00c1ngel, en Iguala Guerrero, insinuando (la nota) que los restos pudieran corresponder a los estudiantes. Informaci\u00f3n que <strong>no tiene sustento y que no se les fue dada en la reuni\u00f3n que tuvieron con la Presidenta y autoridades<\/strong>.<\/p>\n<p>Respecto del tema de la funeraria el \u00c1ngel, ubicada en Iguala, Guerrero, fuimos informados de la <strong>diligencia que se realiz\u00f3 en ese lugar en el mes de marzo del presente a\u00f1o<\/strong>. Si bien es cierto que se encontr\u00f3 una bolsa que tra\u00eda una etiqueta del a\u00f1o 2014 y que al interior pudiera contener restos, tambi\u00e9n es cierto que los padres y madres de los 43 hemos pedido a la fiscal\u00eda que se realicen los estudios correspondientes para descartar alguna informaci\u00f3n y que los trabajos se tengan que realizar de manera coordinada con nuestros peritos del <strong>Equipo Argentino de Antropolog\u00eda Forense (EAAF)<\/strong> <strong>para tener certeza de los resultados<\/strong>.<\/p>\n<p>Lee el comunicado completo <a href=\"https:\/\/www.facebook.com\/share\/p\/1K6D8Lc8rk\/\">en el siguiente enlace<\/a>.<\/p>\n<\/body>","protected":false},"excerpt":{"rendered":"<p>Las madres y padres de los 43 normalistas desaparecidos de Ayotzinapa emitieron un pronunciamiento sobre la informaci\u00f3n tras la nota publicada recientemente con el t\u00edtulo \u201cDan giro al caso Ayotzinapa 20 bolsas con restos y un crematorio clandestino\u201d. En el texto se expresa que la informaci\u00f3n period\u00edstica publicada es falsa e imprecisa, mezcla informaci\u00f3n que [&hellip;]<\/p>\n","protected":false},"author":8,"featured_media":80369,"comment_status":"closed","ping_status":"open","sticky":false,"template":"","format":"standard","meta":{"footnotes":""},"categories":[2],"tags":[],"class_list":["post-83436","post","type-post","status-publish","format-standard","has-post-thumbnail","hentry","category-nota-del-dia"],"_links":{"self":[{"href":"https:\/\/centroprodh.org.mx\/sididh4_0\/wp-json\/wp\/v2\/posts\/83436","targetHints":{"allow":["GET"]}}],"collection":[{"href":"https:\/\/centroprodh.org.mx\/sididh4_0\/wp-json\/wp\/v2\/posts"}],"about":[{"href":"https:\/\/centroprodh.org.mx\/sididh4_0\/wp-json\/wp\/v2\/types\/post"}],"author":[{"embeddable":true,"href":"https:\/\/centroprodh.org.mx\/sididh4_0\/wp-json\/wp\/v2\/users\/8"}],"replies":[{"embeddable":true,"href":"https:\/\/centroprodh.org.mx\/sididh4_0\/wp-json\/wp\/v2\/comments?post=83436"}],"version-history":[{"count":1,"href":"https:\/\/centroprodh.org.mx\/sididh4_0\/wp-json\/wp\/v2\/posts\/83436\/revisions"}],"predecessor-version":[{"id":83437,"href":"https:\/\/centroprodh.org.mx\/sididh4_0\/wp-json\/wp\/v2\/posts\/83436\/revisions\/83437"}],"wp:featuredmedia":[{"embeddable":true,"href":"https:\/\/centroprodh.org.mx\/sididh4_0\/wp-json\/wp\/v2\/media\/80369"}],"wp:attachment":[{"href":"https:\/\/centroprodh.org.mx\/sididh4_0\/wp-json\/wp\/v2\/media?parent=83436"}],"wp:term":[{"taxonomy":"category","embeddable":true,"href":"https:\/\/centroprodh.org.mx\/sididh4_0\/wp-json\/wp\/v2\/categories?post=83436"},{"taxonomy":"post_tag","embeddable":true,"href":"https:\/\/centroprodh.org.mx\/sididh4_0\/wp-json\/wp\/v2\/tags?post=83436"}],"curies":[{"name":"wp","href":"https:\/\/api.w.org\/{rel}","templated":true}]}}