{"id":83433,"date":"2026-09-01T11:19:51","date_gmt":"2026-09-01T17:19:51","guid":{"rendered":"https:\/\/centroprodh.org.mx\/sididh4_0\/?p=83433"},"modified":"2026-09-01T11:19:51","modified_gmt":"2026-09-01T17:19:51","slug":"gran-bazar-solidario-en-cepad","status":"publish","type":"post","link":"https:\/\/centroprodh.org.mx\/sididh4_0\/2026\/09\/01\/gran-bazar-solidario-en-cepad\/","title":{"rendered":"Gran Bazar solidario en Cepad"},"content":{"rendered":"<body><p><\/p>\n<p style=\"text-align: center;\"><img loading=\"lazy\" decoding=\"async\" class=\"alignnone size-medium wp-image-83434\" src=\"https:\/\/centroprodh.org.mx\/sididh4_0\/wp-content\/uploads\/2026\/09\/cepad_bazar_2026-300x300.jpg\" alt=\"\" width=\"300\" height=\"300\" loading=\"lazy\" srcset=\"https:\/\/centroprodh.org.mx\/sididh4_0\/wp-content\/uploads\/2026\/09\/cepad_bazar_2026-300x300.jpg 300w, https:\/\/centroprodh.org.mx\/sididh4_0\/wp-content\/uploads\/2026\/09\/cepad_bazar_2026-150x150.jpg 150w, https:\/\/centroprodh.org.mx\/sididh4_0\/wp-content\/uploads\/2026\/09\/cepad_bazar_2026.jpg 680w\" sizes=\"auto, (max-width: 300px) 100vw, 300px\" \/><\/p>\n<p>El <strong>Centro de Justicia para la Paz y el Desarrollo (CEPAD)<\/strong> invita al <strong>Gran Bazar solidario<\/strong>.<\/p>\n<p>Un espacio lleno de comunidad, proyectos y art\u00edculos para el hogar; con\u00a0cada compra y cada aportaci\u00f3n ayuda a <strong>fortalecer el acompa\u00f1amiento a familias de personas desaparecidas y v\u00edctimas de tortura<\/strong>.<\/p>\n<p>Ser\u00e1 el 5 de septiembre en <strong>Pulquer\u00eda La Mestiza<\/strong> (Calle Prisciliano S\u00e1nchez 741, Colonia Americana, Americana, 44160 <strong>Guadalajara, Jalisco<\/strong>), de las 13:00 a 18:00 horas.<\/p>\n<p>Para quienes no puedan asistir, invitan a hacer <strong>donaci\u00f3n<\/strong> directamente con los siguientes datos bancarios:<br>\nBanco: Banorte<br>\nCentro de Justicia para la Paz y el Desarrollo A.C.<br>\nClabe: 072320002102138366<\/p>\n<p>M\u00e1s informaci\u00f3n, en sus <a href=\"https:\/\/www.facebook.com\/CEPAD.GDL\">redes sociales<\/a>.<\/p>\n<\/body>","protected":false},"excerpt":{"rendered":"<p>El Centro de Justicia para la Paz y el Desarrollo (CEPAD) invita al Gran Bazar solidario. Un espacio lleno de comunidad, proyectos y art\u00edculos para el hogar; con\u00a0cada compra y cada aportaci\u00f3n ayuda a fortalecer el acompa\u00f1amiento a familias de personas desaparecidas y v\u00edctimas de tortura. Ser\u00e1 el 5 de septiembre en Pulquer\u00eda La Mestiza [&hellip;]<\/p>\n","protected":false},"author":8,"featured_media":83434,"comment_status":"closed","ping_status":"open","sticky":false,"template":"","format":"standard","meta":{"footnotes":""},"categories":[6],"tags":[],"class_list":["post-83433","post","type-post","status-publish","format-standard","has-post-thumbnail","hentry","category-agenda"],"_links":{"self":[{"href":"https:\/\/centroprodh.org.mx\/sididh4_0\/wp-json\/wp\/v2\/posts\/83433","targetHints":{"allow":["GET"]}}],"collection":[{"href":"https:\/\/centroprodh.org.mx\/sididh4_0\/wp-json\/wp\/v2\/posts"}],"about":[{"href":"https:\/\/centroprodh.org.mx\/sididh4_0\/wp-json\/wp\/v2\/types\/post"}],"author":[{"embeddable":true,"href":"https:\/\/centroprodh.org.mx\/sididh4_0\/wp-json\/wp\/v2\/users\/8"}],"replies":[{"embeddable":true,"href":"https:\/\/centroprodh.org.mx\/sididh4_0\/wp-json\/wp\/v2\/comments?post=83433"}],"version-history":[{"count":1,"href":"https:\/\/centroprodh.org.mx\/sididh4_0\/wp-json\/wp\/v2\/posts\/83433\/revisions"}],"predecessor-version":[{"id":83435,"href":"https:\/\/centroprodh.org.mx\/sididh4_0\/wp-json\/wp\/v2\/posts\/83433\/revisions\/83435"}],"wp:featuredmedia":[{"embeddable":true,"href":"https:\/\/centroprodh.org.mx\/sididh4_0\/wp-json\/wp\/v2\/media\/83434"}],"wp:attachment":[{"href":"https:\/\/centroprodh.org.mx\/sididh4_0\/wp-json\/wp\/v2\/media?parent=83433"}],"wp:term":[{"taxonomy":"category","embeddable":true,"href":"https:\/\/centroprodh.org.mx\/sididh4_0\/wp-json\/wp\/v2\/categories?post=83433"},{"taxonomy":"post_tag","embeddable":true,"href":"https:\/\/centroprodh.org.mx\/sididh4_0\/wp-json\/wp\/v2\/tags?post=83433"}],"curies":[{"name":"wp","href":"https:\/\/api.w.org\/{rel}","templated":true}]}}