{"id":83430,"date":"2026-08-31T11:26:36","date_gmt":"2026-08-31T17:26:36","guid":{"rendered":"https:\/\/centroprodh.org.mx\/sididh4_0\/?p=83430"},"modified":"2026-08-31T11:26:36","modified_gmt":"2026-08-31T17:26:36","slug":"jornada-de-actividades-del-dia-internacional-de-las-victimas-de-desaparicion-forzada-hagamosles-visibles","status":"publish","type":"post","link":"https:\/\/centroprodh.org.mx\/sididh4_0\/2026\/08\/31\/jornada-de-actividades-del-dia-internacional-de-las-victimas-de-desaparicion-forzada-hagamosles-visibles\/","title":{"rendered":"Jornada de actividades del D\u00eda Internacional de las V\u00edctimas de Desaparici\u00f3n Forzada, \u201cHag\u00e1mosles visibles\u201d"},"content":{"rendered":"<body><p><\/p>\n<p style=\"text-align: center;\"><img loading=\"lazy\" decoding=\"async\" class=\"alignnone size-medium wp-image-83431\" src=\"https:\/\/centroprodh.org.mx\/sididh4_0\/wp-content\/uploads\/2026\/08\/buscadoras_2026_30agosto-300x200.jpg\" alt=\"\" width=\"300\" height=\"200\" loading=\"lazy\" srcset=\"https:\/\/centroprodh.org.mx\/sididh4_0\/wp-content\/uploads\/2026\/08\/buscadoras_2026_30agosto-300x200.jpg 300w, https:\/\/centroprodh.org.mx\/sididh4_0\/wp-content\/uploads\/2026\/08\/buscadoras_2026_30agosto-1024x683.jpg 1024w, https:\/\/centroprodh.org.mx\/sididh4_0\/wp-content\/uploads\/2026\/08\/buscadoras_2026_30agosto-768x512.jpg 768w, https:\/\/centroprodh.org.mx\/sididh4_0\/wp-content\/uploads\/2026\/08\/buscadoras_2026_30agosto-1536x1024.jpg 1536w, https:\/\/centroprodh.org.mx\/sididh4_0\/wp-content\/uploads\/2026\/08\/buscadoras_2026_30agosto.jpg 1920w\" sizes=\"auto, (max-width: 300px) 100vw, 300px\" \/><\/p>\n<p>Hoy se llev\u00f3 a cabo la <strong>jornada de actividades del D\u00eda Internacional de las V\u00edctimas de Desaparici\u00f3n Forzada, \u201cHag\u00e1mosles visibles\u201d<\/strong> con una ceremonia ecum\u00e9nica para las familias y el inicio de <strong>pega de rostros de personas desaparecidas<\/strong> en las vallas de la La Glorieta de las y los desaparecidos.<\/p>\n<p>Acompa\u00f1amos a familias de distintas entidades para visibilizar que en M\u00e9xico hay m\u00e1s de<strong> 135 mil personas desaparecidas<\/strong>.<\/p>\n<p>\u201cHay muchas personas que a\u00fan no se acercan al tema de desaparici\u00f3n por lo doloroso que es. Pero este 30 de agosto queremos decirles que<strong> somos mucho m\u00e1s que dolor, tambi\u00e9n hay esperanza y amor por nuestros seres queridos desaparecido<\/strong>s. Por eso en esta jornada hay m\u00fasica, baile, queremos tambi\u00e9n abrazar a las personas solidarias de distintas maneras\u201d, expres\u00f3 <strong>Jorge Verastegui<\/strong> -quien busca a su hermano y sobrino- en en el conversatorio inaugural sobre memoria.<\/p>\n<p>Se sum\u00f3 la <strong>escritora Alma Delia Murillo<\/strong>, y los<strong> m\u00fasicos Rub\u00e9n Albarr\u00e1n y Mar\u00eda In\u00e9s Ochoa<\/strong> con taller de escritura y m\u00fasica.<br>\nDespu\u00e9s de un espacio de baile, <strong>Antimonumento #5J, Abejas de Acteal, CDH Frayba y #HuellasDeLaMemoria<\/strong> nos compartieron su experiencia sobre la disputa por la memoria entre la sociedad y el Estado.<br>\nEscuchamos el <strong>Podcast #LosDerechosEnJuego<\/strong>, narrado por Marion Reimers, producido por Tanto Que Contar Ibero 90.9 FM y Centro Prodh.<\/p>\n<p>Las periodistas <strong>Marcela Turati y Thelma G\u00f3mez Dur\u00e1n<\/strong> presentaron la investigaci\u00f3n \u201c<strong>Esclavos de la Sierra Tarahumara<\/strong>\u201d.<\/p>\n<p>Iluminamos la Glorieta y Desinform\u00e9monos con el estreno del documental \u201cLas madres buscadoras en el Mundial\u201d. Para cerrar con un fandango.<\/p>\n<p>Les seguiremos acompa\u00f1ando. #HastaEncontrarles<\/p>\n<\/body>","protected":false},"excerpt":{"rendered":"<p>Hoy se llev\u00f3 a cabo la jornada de actividades del D\u00eda Internacional de las V\u00edctimas de Desaparici\u00f3n Forzada, \u201cHag\u00e1mosles visibles\u201d con una ceremonia ecum\u00e9nica para las familias y el inicio de pega de rostros de personas desaparecidas en las vallas de la La Glorieta de las y los desaparecidos. Acompa\u00f1amos a familias de distintas entidades [&hellip;]<\/p>\n","protected":false},"author":8,"featured_media":83431,"comment_status":"closed","ping_status":"open","sticky":false,"template":"","format":"standard","meta":{"footnotes":""},"categories":[2],"tags":[],"class_list":["post-83430","post","type-post","status-publish","format-standard","has-post-thumbnail","hentry","category-nota-del-dia"],"_links":{"self":[{"href":"https:\/\/centroprodh.org.mx\/sididh4_0\/wp-json\/wp\/v2\/posts\/83430","targetHints":{"allow":["GET"]}}],"collection":[{"href":"https:\/\/centroprodh.org.mx\/sididh4_0\/wp-json\/wp\/v2\/posts"}],"about":[{"href":"https:\/\/centroprodh.org.mx\/sididh4_0\/wp-json\/wp\/v2\/types\/post"}],"author":[{"embeddable":true,"href":"https:\/\/centroprodh.org.mx\/sididh4_0\/wp-json\/wp\/v2\/users\/8"}],"replies":[{"embeddable":true,"href":"https:\/\/centroprodh.org.mx\/sididh4_0\/wp-json\/wp\/v2\/comments?post=83430"}],"version-history":[{"count":1,"href":"https:\/\/centroprodh.org.mx\/sididh4_0\/wp-json\/wp\/v2\/posts\/83430\/revisions"}],"predecessor-version":[{"id":83432,"href":"https:\/\/centroprodh.org.mx\/sididh4_0\/wp-json\/wp\/v2\/posts\/83430\/revisions\/83432"}],"wp:featuredmedia":[{"embeddable":true,"href":"https:\/\/centroprodh.org.mx\/sididh4_0\/wp-json\/wp\/v2\/media\/83431"}],"wp:attachment":[{"href":"https:\/\/centroprodh.org.mx\/sididh4_0\/wp-json\/wp\/v2\/media?parent=83430"}],"wp:term":[{"taxonomy":"category","embeddable":true,"href":"https:\/\/centroprodh.org.mx\/sididh4_0\/wp-json\/wp\/v2\/categories?post=83430"},{"taxonomy":"post_tag","embeddable":true,"href":"https:\/\/centroprodh.org.mx\/sididh4_0\/wp-json\/wp\/v2\/tags?post=83430"}],"curies":[{"name":"wp","href":"https:\/\/api.w.org\/{rel}","templated":true}]}}