{"id":83425,"date":"2026-08-31T11:21:01","date_gmt":"2026-08-31T17:21:01","guid":{"rendered":"https:\/\/centroprodh.org.mx\/sididh4_0\/?p=83425"},"modified":"2026-08-31T11:22:01","modified_gmt":"2026-08-31T17:22:01","slug":"denuncian-aumento-de-desapariciones-en-chiapas","status":"publish","type":"post","link":"https:\/\/centroprodh.org.mx\/sididh4_0\/2026\/08\/31\/denuncian-aumento-de-desapariciones-en-chiapas\/","title":{"rendered":"Denuncian aumento de desapariciones en Chiapas"},"content":{"rendered":"<body><p><\/p>\n<p style=\"text-align: center;\"><img loading=\"lazy\" decoding=\"async\" class=\"alignnone size-medium wp-image-83428\" src=\"https:\/\/centroprodh.org.mx\/sididh4_0\/wp-content\/uploads\/2026\/08\/desapariciones_chiapas-300x200.png\" alt=\"\" width=\"300\" height=\"200\" loading=\"lazy\" srcset=\"https:\/\/centroprodh.org.mx\/sididh4_0\/wp-content\/uploads\/2026\/08\/desapariciones_chiapas-300x200.png 300w, https:\/\/centroprodh.org.mx\/sididh4_0\/wp-content\/uploads\/2026\/08\/desapariciones_chiapas-768x512.png 768w, https:\/\/centroprodh.org.mx\/sididh4_0\/wp-content\/uploads\/2026\/08\/desapariciones_chiapas.png 850w\" sizes=\"auto, (max-width: 300px) 100vw, 300px\" \/><\/p>\n<p style=\"text-align: left;\">Organizaciones civiles como el <b>Centro de Derechos Humanos Fray Bartolom\u00e9 de las Casas,<\/b> denunci\u00f3 que en los \u00faltimos a\u00f1os, esta crisis se explica por la<strong> disputa y el control territorial ejercido por grupos delictivos<\/strong> con la <strong>tolerancia y falta de respuesta de las autoridades<\/strong>. A ello se suma una falsa narrativa de seguridad, planeada y orquestada desde el propio gobierno de Chiapas, que pretente negar la gravedad de esta crisis, invisibilizando a las v\u00edctimas y favoreciendo la impunidad.<\/p>\n<p>Seg\u00fan el Registro Nacional de Personas Desaparecidas y No Localizadas, hasta agosto de 2026 se han registrado 133,680 personas desaparecidas en M\u00e9xico; informes se\u00f1alan que, C<strong>hiapas, pas\u00f3 de 1,526 casos de personas desaparecidas en 2025 a m\u00e1s de 2,000 casos activos<\/strong> a mediados de 2026 (Red Lupa, 2026).<\/p>\n<p>Chiapas registra <strong>un aumento del 20% respecto de 2025<\/strong>. Dentro de este incremento, una proporci\u00f3n significativa corresponde a <strong>mujeres, adolescentes y ni\u00f1as<\/strong>, lo que evidencia la necesidad de fortalecer las acciones de prevenci\u00f3n, b\u00fasqueda, investigaci\u00f3n y atenci\u00f3n a las v\u00edctimas con perspectiva de g\u00e9nero.<\/p>\n<p>Lee el <a href=\"https:\/\/frayba.org.mx\/pronunciamiento-buscarles-es-una-forma-de-amarles-y-de-mantener-viva-su-memoria\">comunicado completo en la p\u00e1gina del Frayba<\/a>.<\/p>\n<\/body>","protected":false},"excerpt":{"rendered":"<p>Organizaciones civiles como el Centro de Derechos Humanos Fray Bartolom\u00e9 de las Casas, denunci\u00f3 que en los \u00faltimos a\u00f1os, esta crisis se explica por la disputa y el control territorial ejercido por grupos delictivos con la tolerancia y falta de respuesta de las autoridades. A ello se suma una falsa narrativa de seguridad, planeada y [&hellip;]<\/p>\n","protected":false},"author":8,"featured_media":83428,"comment_status":"closed","ping_status":"open","sticky":false,"template":"","format":"standard","meta":{"footnotes":""},"categories":[7],"tags":[],"class_list":["post-83425","post","type-post","status-publish","format-standard","has-post-thumbnail","hentry","category-paso-en-la-semana"],"_links":{"self":[{"href":"https:\/\/centroprodh.org.mx\/sididh4_0\/wp-json\/wp\/v2\/posts\/83425","targetHints":{"allow":["GET"]}}],"collection":[{"href":"https:\/\/centroprodh.org.mx\/sididh4_0\/wp-json\/wp\/v2\/posts"}],"about":[{"href":"https:\/\/centroprodh.org.mx\/sididh4_0\/wp-json\/wp\/v2\/types\/post"}],"author":[{"embeddable":true,"href":"https:\/\/centroprodh.org.mx\/sididh4_0\/wp-json\/wp\/v2\/users\/8"}],"replies":[{"embeddable":true,"href":"https:\/\/centroprodh.org.mx\/sididh4_0\/wp-json\/wp\/v2\/comments?post=83425"}],"version-history":[{"count":3,"href":"https:\/\/centroprodh.org.mx\/sididh4_0\/wp-json\/wp\/v2\/posts\/83425\/revisions"}],"predecessor-version":[{"id":83429,"href":"https:\/\/centroprodh.org.mx\/sididh4_0\/wp-json\/wp\/v2\/posts\/83425\/revisions\/83429"}],"wp:featuredmedia":[{"embeddable":true,"href":"https:\/\/centroprodh.org.mx\/sididh4_0\/wp-json\/wp\/v2\/media\/83428"}],"wp:attachment":[{"href":"https:\/\/centroprodh.org.mx\/sididh4_0\/wp-json\/wp\/v2\/media?parent=83425"}],"wp:term":[{"taxonomy":"category","embeddable":true,"href":"https:\/\/centroprodh.org.mx\/sididh4_0\/wp-json\/wp\/v2\/categories?post=83425"},{"taxonomy":"post_tag","embeddable":true,"href":"https:\/\/centroprodh.org.mx\/sididh4_0\/wp-json\/wp\/v2\/tags?post=83425"}],"curies":[{"name":"wp","href":"https:\/\/api.w.org\/{rel}","templated":true}]}}