{"id":83422,"date":"2026-08-31T11:17:34","date_gmt":"2026-08-31T17:17:34","guid":{"rendered":"https:\/\/centroprodh.org.mx\/sididh4_0\/?p=83422"},"modified":"2026-08-31T11:17:34","modified_gmt":"2026-08-31T17:17:34","slug":"apoyo-para-carlos-chavez-fundador-de-ajagi","status":"publish","type":"post","link":"https:\/\/centroprodh.org.mx\/sididh4_0\/2026\/08\/31\/apoyo-para-carlos-chavez-fundador-de-ajagi\/","title":{"rendered":"Apoyo para Carlos Ch\u00e1vez, fundador de AJAGI"},"content":{"rendered":"<body><p><\/p>\n<p style=\"text-align: center;\"><img loading=\"lazy\" decoding=\"async\" class=\"alignnone size-medium wp-image-83423\" src=\"https:\/\/centroprodh.org.mx\/sididh4_0\/wp-content\/uploads\/2026\/08\/ajagi_apoyo_carlos-300x300.jpg\" alt=\"\" width=\"300\" height=\"300\" loading=\"lazy\" srcset=\"https:\/\/centroprodh.org.mx\/sididh4_0\/wp-content\/uploads\/2026\/08\/ajagi_apoyo_carlos-300x300.jpg 300w, https:\/\/centroprodh.org.mx\/sididh4_0\/wp-content\/uploads\/2026\/08\/ajagi_apoyo_carlos-1024x1024.jpg 1024w, https:\/\/centroprodh.org.mx\/sididh4_0\/wp-content\/uploads\/2026\/08\/ajagi_apoyo_carlos-150x150.jpg 150w, https:\/\/centroprodh.org.mx\/sididh4_0\/wp-content\/uploads\/2026\/08\/ajagi_apoyo_carlos-768x768.jpg 768w, https:\/\/centroprodh.org.mx\/sididh4_0\/wp-content\/uploads\/2026\/08\/ajagi_apoyo_carlos.jpg 1254w\" sizes=\"auto, (max-width: 300px) 100vw, 300px\" \/><\/p>\n<p><strong>Asociaci\u00f3n Jalisciense de Apoyo a Grupos Ind\u00edgenas A.C.<\/strong>\u00a0 (AJAGI) solicita apoyo, por medio de donaciones, para Carlos Ch\u00e1vez, fundador de AJAGI, quien esta pasando por una situaci\u00f3n complicada de salud.<\/p>\n<p>AJAGI es una organizaci\u00f3n integrante de la <strong>Red Nacional de Organismos Civiles de Derechos Humanos \u201cTodos los Derechos para Todas, Todos y Todes\u201d<\/strong>. El trabajo de Carlos Ch\u00e1vez ha sido fundamental para el <strong>acompa\u00f1amiento con los pueblos ind\u00edgenas<\/strong>.<\/p>\n<p><strong>Cualquier apoyo es muy valioso<\/strong> para este momento delicado.<\/p>\n<p>Consulta cualquier actualizaci\u00f3n en las <a href=\"https:\/\/www.facebook.com\/AJAGI\/?locale=es_LA\">redes sociales de AJAGI<\/a>.<\/p>\n<\/body>","protected":false},"excerpt":{"rendered":"<p>Asociaci\u00f3n Jalisciense de Apoyo a Grupos Ind\u00edgenas A.C.\u00a0 (AJAGI) solicita apoyo, por medio de donaciones, para Carlos Ch\u00e1vez, fundador de AJAGI, quien esta pasando por una situaci\u00f3n complicada de salud. AJAGI es una organizaci\u00f3n integrante de la Red Nacional de Organismos Civiles de Derechos Humanos \u201cTodos los Derechos para Todas, Todos y Todes\u201d. El trabajo [&hellip;]<\/p>\n","protected":false},"author":8,"featured_media":83423,"comment_status":"closed","ping_status":"open","sticky":false,"template":"","format":"standard","meta":{"footnotes":""},"categories":[4],"tags":[],"class_list":["post-83422","post","type-post","status-publish","format-standard","has-post-thumbnail","hentry","category-foto"],"_links":{"self":[{"href":"https:\/\/centroprodh.org.mx\/sididh4_0\/wp-json\/wp\/v2\/posts\/83422","targetHints":{"allow":["GET"]}}],"collection":[{"href":"https:\/\/centroprodh.org.mx\/sididh4_0\/wp-json\/wp\/v2\/posts"}],"about":[{"href":"https:\/\/centroprodh.org.mx\/sididh4_0\/wp-json\/wp\/v2\/types\/post"}],"author":[{"embeddable":true,"href":"https:\/\/centroprodh.org.mx\/sididh4_0\/wp-json\/wp\/v2\/users\/8"}],"replies":[{"embeddable":true,"href":"https:\/\/centroprodh.org.mx\/sididh4_0\/wp-json\/wp\/v2\/comments?post=83422"}],"version-history":[{"count":1,"href":"https:\/\/centroprodh.org.mx\/sididh4_0\/wp-json\/wp\/v2\/posts\/83422\/revisions"}],"predecessor-version":[{"id":83424,"href":"https:\/\/centroprodh.org.mx\/sididh4_0\/wp-json\/wp\/v2\/posts\/83422\/revisions\/83424"}],"wp:featuredmedia":[{"embeddable":true,"href":"https:\/\/centroprodh.org.mx\/sididh4_0\/wp-json\/wp\/v2\/media\/83423"}],"wp:attachment":[{"href":"https:\/\/centroprodh.org.mx\/sididh4_0\/wp-json\/wp\/v2\/media?parent=83422"}],"wp:term":[{"taxonomy":"category","embeddable":true,"href":"https:\/\/centroprodh.org.mx\/sididh4_0\/wp-json\/wp\/v2\/categories?post=83422"},{"taxonomy":"post_tag","embeddable":true,"href":"https:\/\/centroprodh.org.mx\/sididh4_0\/wp-json\/wp\/v2\/tags?post=83422"}],"curies":[{"name":"wp","href":"https:\/\/api.w.org\/{rel}","templated":true}]}}