{"id":83415,"date":"2026-08-27T10:45:08","date_gmt":"2026-08-27T16:45:08","guid":{"rendered":"https:\/\/centroprodh.org.mx\/sididh4_0\/?p=83415"},"modified":"2026-08-27T10:45:08","modified_gmt":"2026-08-27T16:45:08","slug":"mexico-rsf-y-medios-de-todo-el-pais-interpelan-a-la-presidenta-y-a-las-autoridades-ante-la-persistencia-de-la-violencia-contra-periodistas","status":"publish","type":"post","link":"https:\/\/centroprodh.org.mx\/sididh4_0\/2026\/08\/27\/mexico-rsf-y-medios-de-todo-el-pais-interpelan-a-la-presidenta-y-a-las-autoridades-ante-la-persistencia-de-la-violencia-contra-periodistas\/","title":{"rendered":"M\u00e9xico: RSF y medios de todo el pa\u00eds interpelan a la presidenta y a las autoridades ante la persistencia de la violencia contra periodistas"},"content":{"rendered":"<body><p><\/p>\n<p style=\"text-align: center;\"><img loading=\"lazy\" decoding=\"async\" class=\"alignnone size-medium wp-image-83418\" src=\"https:\/\/centroprodh.org.mx\/sididh4_0\/wp-content\/uploads\/2026\/08\/RSF_periodistas_asesinados-300x169.jpg\" alt=\"\" width=\"300\" height=\"169\" loading=\"lazy\" srcset=\"https:\/\/centroprodh.org.mx\/sididh4_0\/wp-content\/uploads\/2026\/08\/RSF_periodistas_asesinados-300x169.jpg 300w, https:\/\/centroprodh.org.mx\/sididh4_0\/wp-content\/uploads\/2026\/08\/RSF_periodistas_asesinados.jpg 680w\" sizes=\"auto, (max-width: 300px) 100vw, 300px\" \/><\/p>\n<p>El pasado 26 de agosto, <strong>medios de todo M\u00e9xico<\/strong> interpelan a la Justicia y al gobierno actual, con la pregunta: <strong>\u00bfcu\u00e1ntos m\u00e1s tendr\u00e1n que morir para que el Estado act\u00fae?<\/strong> Como tel\u00f3n de fondo del mensaje aparecen los nombres de los<strong> periodistas asesinados<\/strong> bajo la mirada de las autoridades del pa\u00eds, a un ritmo de uno por mes durante los primeros siete meses de 2026. En total, 17 periodistas han sido asesinados desde el inicio de la presidencia de Sheinbaum.<\/p>\n<p>\u201cM\u00e9xico no puede acostumbrarse a contar a sus periodistas asesinados. Cada nombre en esta lista representa una <strong>deuda del Estado con las v\u00edctimas, sus familias y la sociedad<\/strong> en su conjunto. Cada asesinato tambi\u00e9n genera miedo, alimenta el silencio, amenaza el periodismo y vulnera el derecho de millones de personas a estar informadas. El hecho de que medios de distintas regiones del pa\u00eds se unen hoy para publicar estos nombres env\u00eda un mensaje inequ\u00edvoco a la presidenta y a las m\u00e1s altas autoridades del pa\u00eds: esta situaci\u00f3n es insostenible desde hace demasiado tiempo. M\u00e9xico necesita una respuesta pol\u00edtica a la altura de la gravedad de esta violencia. <strong>No queremos tener que seguir agregando nuevos nombres a esta lista<\/strong>. Sin embargo, esta falla no es inevitable: tambi\u00e9n refleja que este problema no ha sido una prioridad pol\u00edtica, y no lo ha sido durante demasiado tiempo. Debe convertirse en una de las prioridades de la Justicia y de las pol\u00edticas de protecci\u00f3n de los derechos humanos\u201d, se\u00f1al\u00f3<strong> Artur Romeu Director, RSF Am\u00e9rica Latina<\/strong>.<\/p>\n<p>Lee m\u00e1s <a href=\"https:\/\/rsf.org\/es\/m%C3%A9xico-rsf-y-medios-de-todo-el-pa%C3%ADs-interpelan-la-presidenta-sheinbaum-y-las-autoridades-ante-la\">en el siguiente enlace<\/a>.<\/p>\n<\/body>","protected":false},"excerpt":{"rendered":"<p>El pasado 26 de agosto, medios de todo M\u00e9xico interpelan a la Justicia y al gobierno actual, con la pregunta: \u00bfcu\u00e1ntos m\u00e1s tendr\u00e1n que morir para que el Estado act\u00fae? Como tel\u00f3n de fondo del mensaje aparecen los nombres de los periodistas asesinados bajo la mirada de las autoridades del pa\u00eds, a un ritmo de [&hellip;]<\/p>\n","protected":false},"author":8,"featured_media":83418,"comment_status":"closed","ping_status":"open","sticky":false,"template":"","format":"standard","meta":{"footnotes":""},"categories":[2],"tags":[],"class_list":["post-83415","post","type-post","status-publish","format-standard","has-post-thumbnail","hentry","category-nota-del-dia"],"_links":{"self":[{"href":"https:\/\/centroprodh.org.mx\/sididh4_0\/wp-json\/wp\/v2\/posts\/83415","targetHints":{"allow":["GET"]}}],"collection":[{"href":"https:\/\/centroprodh.org.mx\/sididh4_0\/wp-json\/wp\/v2\/posts"}],"about":[{"href":"https:\/\/centroprodh.org.mx\/sididh4_0\/wp-json\/wp\/v2\/types\/post"}],"author":[{"embeddable":true,"href":"https:\/\/centroprodh.org.mx\/sididh4_0\/wp-json\/wp\/v2\/users\/8"}],"replies":[{"embeddable":true,"href":"https:\/\/centroprodh.org.mx\/sididh4_0\/wp-json\/wp\/v2\/comments?post=83415"}],"version-history":[{"count":1,"href":"https:\/\/centroprodh.org.mx\/sididh4_0\/wp-json\/wp\/v2\/posts\/83415\/revisions"}],"predecessor-version":[{"id":83419,"href":"https:\/\/centroprodh.org.mx\/sididh4_0\/wp-json\/wp\/v2\/posts\/83415\/revisions\/83419"}],"wp:featuredmedia":[{"embeddable":true,"href":"https:\/\/centroprodh.org.mx\/sididh4_0\/wp-json\/wp\/v2\/media\/83418"}],"wp:attachment":[{"href":"https:\/\/centroprodh.org.mx\/sididh4_0\/wp-json\/wp\/v2\/media?parent=83415"}],"wp:term":[{"taxonomy":"category","embeddable":true,"href":"https:\/\/centroprodh.org.mx\/sididh4_0\/wp-json\/wp\/v2\/categories?post=83415"},{"taxonomy":"post_tag","embeddable":true,"href":"https:\/\/centroprodh.org.mx\/sididh4_0\/wp-json\/wp\/v2\/tags?post=83415"}],"curies":[{"name":"wp","href":"https:\/\/api.w.org\/{rel}","templated":true}]}}