{"id":83412,"date":"2026-08-27T10:33:13","date_gmt":"2026-08-27T16:33:13","guid":{"rendered":"https:\/\/centroprodh.org.mx\/sididh4_0\/?p=83412"},"modified":"2026-08-27T10:33:13","modified_gmt":"2026-08-27T16:33:13","slug":"la-labor-de-la-sociedad-civil-para-proteger-los-derechos-y-la-institucionalidad-democratica","status":"publish","type":"post","link":"https:\/\/centroprodh.org.mx\/sididh4_0\/2026\/08\/27\/la-labor-de-la-sociedad-civil-para-proteger-los-derechos-y-la-institucionalidad-democratica\/","title":{"rendered":"La labor de la sociedad civil para proteger los derechos y la institucionalidad democr\u00e1tica"},"content":{"rendered":"<body><p><\/p>\n<p style=\"text-align: center;\"><img loading=\"lazy\" decoding=\"async\" class=\"alignnone size-medium wp-image-83413\" src=\"https:\/\/centroprodh.org.mx\/sididh4_0\/wp-content\/uploads\/2026\/08\/WhatsApp-Image-2026-08-27-at-10.29.24-AM-240x300.jpeg\" alt=\"\" width=\"240\" height=\"300\" loading=\"lazy\" srcset=\"https:\/\/centroprodh.org.mx\/sididh4_0\/wp-content\/uploads\/2026\/08\/WhatsApp-Image-2026-08-27-at-10.29.24-AM-240x300.jpeg 240w, https:\/\/centroprodh.org.mx\/sididh4_0\/wp-content\/uploads\/2026\/08\/WhatsApp-Image-2026-08-27-at-10.29.24-AM-819x1024.jpeg 819w, https:\/\/centroprodh.org.mx\/sididh4_0\/wp-content\/uploads\/2026\/08\/WhatsApp-Image-2026-08-27-at-10.29.24-AM-768x960.jpeg 768w, https:\/\/centroprodh.org.mx\/sididh4_0\/wp-content\/uploads\/2026\/08\/WhatsApp-Image-2026-08-27-at-10.29.24-AM.jpeg 1080w\" sizes=\"auto, (max-width: 240px) 100vw, 240px\" \/><\/p>\n<p><span style=\"font-weight: 400;\">Con el <strong>avance de autoritarismos, gobiernos de ultraderecha<\/strong> o discursos conservadores en el mundo y en Am\u00e9rica Latina, se han incrementado las preocupaciones sobre el debilitamiento de la democracia y la erosi\u00f3n de la institucionalidad. En <\/span><a href=\"https:\/\/x.com\/Radio_Formula\/status\/2092262784373256648?s=20\"><span style=\"font-weight: 400;\">Nicaragua<\/span><\/a><span style=\"font-weight: 400;\">, por ejemplo, las alertas suenan a\u00fan m\u00e1s fuertes, frente a los pronunciamientos del r\u00e9gimen autoritario que afirma que no habr\u00e1 m\u00e1s elecciones y a la decisi\u00f3n de distintos pa\u00edses de la<strong> Organizaci\u00f3n de Estados Americanos<\/strong> de no tomar acciones al respecto \u2013entre ellos M\u00e9xico\u2013; en <\/span><a href=\"https:\/\/www.oas.org\/es\/cidh\/jsForm\/?File=\/es\/cidh\/prensa\/comunicados\/2026\/066.asp\"><span style=\"font-weight: 400;\">El Salvador<\/span><\/a><span style=\"font-weight: 400;\"> se profundizan las preocupaciones sobre los <strong>impactos en derechos humanos<\/strong> con las<\/span><a href=\"https:\/\/elpais.com\/america\/2026-08-10\/juicios-masivos-sin-garantias-en-el-salvador-los-jueces-tienen-miedo-los-estan-condenando-a-todos.html\"><span style=\"font-weight: 400;\"> im\u00e1genes de juicios masivos sin garant\u00edas<\/span><\/a><span style=\"font-weight: 400;\"> en el marco del r\u00e9gimen de excepci\u00f3n, la criminalizaci\u00f3n de periodistas y personas defensoras de derechos humanos y la pr\u00f3xima jornada electoral en 2027; mientras que quien asumi\u00f3 la presidencia en <\/span><a href=\"https:\/\/grupoanimal.mx\/internacional\/colombia-presidencia-abelardo-de-la-espriella-presidencia\"><span style=\"font-weight: 400;\">Colombia<\/span><\/a><span style=\"font-weight: 400;\">, lleg\u00f3 al poder con un <strong>discurso abiertamente anti derechos<\/strong> y amenazante contra la izquierda en ese pa\u00eds.\u00a0<\/span><\/p>\n<p><span style=\"font-weight: 400;\">Frente a este contexto regional es indispensable que en M\u00e9xico se amplifiquen las reflexiones sobre los <strong>retos de la defensa de la institucionalidad democr\u00e1tica y el espacio c\u00edvico<\/strong>. Si bien la comunidad internacional ha celebrado los<strong> avances en el pa\u00eds en materia de derechos sociales<\/strong> y el discurso oficial mantiene la defensa de los derechos como un estandarte, es necesario hacer un recuento de los debates actuales sobre las decisiones que han puesto en juego el <strong>equilibrio democr\u00e1tico<\/strong>. En ese contexto, el pasado 21 y 22 de agosto, distintas organizaciones civiles de al menos 10 entidades de la Rep\u00fablica \u2013entre \u00e9stas Coahuila, Chihuahua, Hidalgo, Michoac\u00e1n, Guerrero, Chiapas, Veracruz y Tabasco\u2013 llevamos a cabo el \u201c<\/span><a href=\"https:\/\/x.com\/CentroProdh\/status\/2091296896220643706?s=20\"><span style=\"font-weight: 400;\">Taller Nacional sobre Institucionalidad Democr\u00e1tica<\/span><\/a><span style=\"font-weight: 400;\">\u201d en el Centro Prodh, en donde reflexionamos sobre los <strong>obst\u00e1culos a los que se enfrenta la sociedad civil<\/strong> en general para la <strong>defensa de los derechos humanos<\/strong>.<\/span><\/p>\n<p>Lee el art\u00edculo completo en <a href=\"https:\/\/grupoanimal.mx\/opinion\/sociedad-civil-derechos-democracia\"><em>Animal Pol\u00edtico<\/em><\/a>.<\/p>\n<\/body>","protected":false},"excerpt":{"rendered":"<p>Con el avance de autoritarismos, gobiernos de ultraderecha o discursos conservadores en el mundo y en Am\u00e9rica Latina, se han incrementado las preocupaciones sobre el debilitamiento de la democracia y la erosi\u00f3n de la institucionalidad. En Nicaragua, por ejemplo, las alertas suenan a\u00fan m\u00e1s fuertes, frente a los pronunciamientos del r\u00e9gimen autoritario que afirma que [&hellip;]<\/p>\n","protected":false},"author":8,"featured_media":83413,"comment_status":"closed","ping_status":"open","sticky":false,"template":"","format":"standard","meta":{"footnotes":""},"categories":[3],"tags":[],"class_list":["post-83412","post","type-post","status-publish","format-standard","has-post-thumbnail","hentry","category-articulo-de-opinion"],"_links":{"self":[{"href":"https:\/\/centroprodh.org.mx\/sididh4_0\/wp-json\/wp\/v2\/posts\/83412","targetHints":{"allow":["GET"]}}],"collection":[{"href":"https:\/\/centroprodh.org.mx\/sididh4_0\/wp-json\/wp\/v2\/posts"}],"about":[{"href":"https:\/\/centroprodh.org.mx\/sididh4_0\/wp-json\/wp\/v2\/types\/post"}],"author":[{"embeddable":true,"href":"https:\/\/centroprodh.org.mx\/sididh4_0\/wp-json\/wp\/v2\/users\/8"}],"replies":[{"embeddable":true,"href":"https:\/\/centroprodh.org.mx\/sididh4_0\/wp-json\/wp\/v2\/comments?post=83412"}],"version-history":[{"count":1,"href":"https:\/\/centroprodh.org.mx\/sididh4_0\/wp-json\/wp\/v2\/posts\/83412\/revisions"}],"predecessor-version":[{"id":83414,"href":"https:\/\/centroprodh.org.mx\/sididh4_0\/wp-json\/wp\/v2\/posts\/83412\/revisions\/83414"}],"wp:featuredmedia":[{"embeddable":true,"href":"https:\/\/centroprodh.org.mx\/sididh4_0\/wp-json\/wp\/v2\/media\/83413"}],"wp:attachment":[{"href":"https:\/\/centroprodh.org.mx\/sididh4_0\/wp-json\/wp\/v2\/media?parent=83412"}],"wp:term":[{"taxonomy":"category","embeddable":true,"href":"https:\/\/centroprodh.org.mx\/sididh4_0\/wp-json\/wp\/v2\/categories?post=83412"},{"taxonomy":"post_tag","embeddable":true,"href":"https:\/\/centroprodh.org.mx\/sididh4_0\/wp-json\/wp\/v2\/tags?post=83412"}],"curies":[{"name":"wp","href":"https:\/\/api.w.org\/{rel}","templated":true}]}}