{"id":83407,"date":"2026-08-27T10:08:45","date_gmt":"2026-08-27T16:08:45","guid":{"rendered":"https:\/\/centroprodh.org.mx\/sididh4_0\/?p=83407"},"modified":"2026-08-27T10:23:40","modified_gmt":"2026-08-27T16:23:40","slug":"dialogos-contra-la-desaparicion-memoria-justicia-y-accion","status":"publish","type":"post","link":"https:\/\/centroprodh.org.mx\/sididh4_0\/2026\/08\/27\/dialogos-contra-la-desaparicion-memoria-justicia-y-accion\/","title":{"rendered":"Di\u00e1logos contra la Desaparici\u00f3n: memoria, justicia y acci\u00f3n"},"content":{"rendered":"<body><p><\/p>\n<p style=\"text-align: center;\"><img loading=\"lazy\" decoding=\"async\" class=\"alignnone size-medium wp-image-83408\" src=\"https:\/\/centroprodh.org.mx\/sididh4_0\/wp-content\/uploads\/2026\/08\/HQvLQH_WMAAIfvY-240x300.jpg\" alt=\"\" width=\"240\" height=\"300\" loading=\"lazy\" srcset=\"https:\/\/centroprodh.org.mx\/sididh4_0\/wp-content\/uploads\/2026\/08\/HQvLQH_WMAAIfvY-240x300.jpg 240w, https:\/\/centroprodh.org.mx\/sididh4_0\/wp-content\/uploads\/2026\/08\/HQvLQH_WMAAIfvY-819x1024.jpg 819w, https:\/\/centroprodh.org.mx\/sididh4_0\/wp-content\/uploads\/2026\/08\/HQvLQH_WMAAIfvY-768x960.jpg 768w, https:\/\/centroprodh.org.mx\/sididh4_0\/wp-content\/uploads\/2026\/08\/HQvLQH_WMAAIfvY.jpg 1080w\" sizes=\"auto, (max-width: 240px) 100vw, 240px\" \/><\/p>\n<p><strong>Amnist\u00eda Internacional M\u00e9xico<\/strong> y el <strong>Instituto de Derechos Humanos y Democracia (IMDHD)<\/strong> invita a seguir <strong>Di\u00e1logos contra la Desaparici\u00f3n<\/strong>; en la pr\u00f3xima sesi\u00f3n se hablar\u00e1 de <strong>memoria<\/strong>, <strong>reparaci\u00f3n del da\u00f1o<\/strong> y acciones para acompa\u00f1ar las exigencias de <strong>verdad y justicia<\/strong>.<\/p>\n<p>Estar\u00e1 <strong>Alexia M. Montalb\u00e1n, del Centro Prodh<\/strong> y <strong>Bibiana Efigenia Mendoza Negrete<\/strong> del <strong>Colectivo Hasta Encontrarte<\/strong>. Modera: Raquel Maro\u00f1o del IMDHD.<\/p>\n<p>Ser\u00e1 el pr\u00f3ximo 27 de agosto a las 19:00 horas, de manera virtual. Si te interesa participar puedes <strong>registrarte<\/strong> en el <a href=\"https:\/\/aimex.org.mx\/actividadEDHdialogosdesaparicion\/dialogosdesaparicion.php\">siguiente enlace. <\/a><\/p>\n<\/body>","protected":false},"excerpt":{"rendered":"<p>Amnist\u00eda Internacional M\u00e9xico y el Instituto de Derechos Humanos y Democracia (IMDHD) invita a seguir Di\u00e1logos contra la Desaparici\u00f3n; en la pr\u00f3xima sesi\u00f3n se hablar\u00e1 de memoria, reparaci\u00f3n del da\u00f1o y acciones para acompa\u00f1ar las exigencias de verdad y justicia. Estar\u00e1 Alexia M. Montalb\u00e1n, del Centro Prodh y Bibiana Efigenia Mendoza Negrete del Colectivo Hasta [&hellip;]<\/p>\n","protected":false},"author":8,"featured_media":83408,"comment_status":"closed","ping_status":"open","sticky":false,"template":"","format":"standard","meta":{"footnotes":""},"categories":[6],"tags":[],"class_list":["post-83407","post","type-post","status-publish","format-standard","has-post-thumbnail","hentry","category-agenda"],"_links":{"self":[{"href":"https:\/\/centroprodh.org.mx\/sididh4_0\/wp-json\/wp\/v2\/posts\/83407","targetHints":{"allow":["GET"]}}],"collection":[{"href":"https:\/\/centroprodh.org.mx\/sididh4_0\/wp-json\/wp\/v2\/posts"}],"about":[{"href":"https:\/\/centroprodh.org.mx\/sididh4_0\/wp-json\/wp\/v2\/types\/post"}],"author":[{"embeddable":true,"href":"https:\/\/centroprodh.org.mx\/sididh4_0\/wp-json\/wp\/v2\/users\/8"}],"replies":[{"embeddable":true,"href":"https:\/\/centroprodh.org.mx\/sididh4_0\/wp-json\/wp\/v2\/comments?post=83407"}],"version-history":[{"count":3,"href":"https:\/\/centroprodh.org.mx\/sididh4_0\/wp-json\/wp\/v2\/posts\/83407\/revisions"}],"predecessor-version":[{"id":83411,"href":"https:\/\/centroprodh.org.mx\/sididh4_0\/wp-json\/wp\/v2\/posts\/83407\/revisions\/83411"}],"wp:featuredmedia":[{"embeddable":true,"href":"https:\/\/centroprodh.org.mx\/sididh4_0\/wp-json\/wp\/v2\/media\/83408"}],"wp:attachment":[{"href":"https:\/\/centroprodh.org.mx\/sididh4_0\/wp-json\/wp\/v2\/media?parent=83407"}],"wp:term":[{"taxonomy":"category","embeddable":true,"href":"https:\/\/centroprodh.org.mx\/sididh4_0\/wp-json\/wp\/v2\/categories?post=83407"},{"taxonomy":"post_tag","embeddable":true,"href":"https:\/\/centroprodh.org.mx\/sididh4_0\/wp-json\/wp\/v2\/tags?post=83407"}],"curies":[{"name":"wp","href":"https:\/\/api.w.org\/{rel}","templated":true}]}}