{"id":83397,"date":"2026-08-26T10:38:53","date_gmt":"2026-08-26T16:38:53","guid":{"rendered":"https:\/\/centroprodh.org.mx\/sididh4_0\/?p=83397"},"modified":"2026-08-26T10:38:53","modified_gmt":"2026-08-26T16:38:53","slug":"presentacion-del-caso-antonio-gonzalez-mendez-en-chiapas","status":"publish","type":"post","link":"https:\/\/centroprodh.org.mx\/sididh4_0\/2026\/08\/26\/presentacion-del-caso-antonio-gonzalez-mendez-en-chiapas\/","title":{"rendered":"Presentaci\u00f3n del caso Antonio Gonz\u00e1lez M\u00e9ndez en Chiapas"},"content":{"rendered":"<body><p><\/p>\n<p style=\"text-align: center;\"><img loading=\"lazy\" decoding=\"async\" class=\"alignnone size-medium wp-image-83398\" src=\"https:\/\/centroprodh.org.mx\/sididh4_0\/wp-content\/uploads\/2026\/08\/antonio_gonzalez_frayba-212x300.jpg\" alt=\"\" width=\"212\" height=\"300\" loading=\"lazy\" srcset=\"https:\/\/centroprodh.org.mx\/sididh4_0\/wp-content\/uploads\/2026\/08\/antonio_gonzalez_frayba-212x300.jpg 212w, https:\/\/centroprodh.org.mx\/sididh4_0\/wp-content\/uploads\/2026\/08\/antonio_gonzalez_frayba-724x1024.jpg 724w, https:\/\/centroprodh.org.mx\/sididh4_0\/wp-content\/uploads\/2026\/08\/antonio_gonzalez_frayba-768x1086.jpg 768w, https:\/\/centroprodh.org.mx\/sididh4_0\/wp-content\/uploads\/2026\/08\/antonio_gonzalez_frayba-1086x1536.jpg 1086w, https:\/\/centroprodh.org.mx\/sididh4_0\/wp-content\/uploads\/2026\/08\/antonio_gonzalez_frayba.jpg 1131w\" sizes=\"auto, (max-width: 212px) 100vw, 212px\" \/><\/p>\n<p>El <strong>Espacio Conciencia y Memoria<\/strong> invita a la presentaci\u00f3n del <strong>caso Antonio Gonz\u00e1lez M\u00e9ndez<\/strong>, en el marco del<strong> D\u00eda Internacional de las V\u00edctimas de Desaparici\u00f3n Forzada<\/strong>.<\/p>\n<p>Antonio Gonz\u00e1lez M\u00e9ndez, miembro de las <strong>bases civiles del EZLN<\/strong>, fue desaparecido el 18 de enero de 1999, en Sabanilla, Chiapas, en el marco de la<strong> pol\u00edtica contrainsurgente<\/strong> implementada por el Estado mexicano tras el levantamiento del Ej\u00e9rcito Zapatista de Liberaci\u00f3n Nacional (EZLN).<\/p>\n<p>Ser\u00e1 el 28 de agosto, a las 17:00 horas en el <strong>Centro de Derechos Humanos Fray Bartolom\u00e9 de las Casas (CDH Frayba)<\/strong> en Calle Brasil 14, barrio de Mexicanos, San Crist\u00f3bal de las Casas, Chiapas. Habr\u00e1 transmisi\u00f3n en vivo.<\/p>\n<p>Consulta m\u00e1s informaci\u00f3n del caso en el <a href=\"https:\/\/www.facebook.com\/CdhFrayba\">sitio web del CDH Frayba<\/a>.<\/p>\n<\/body>","protected":false},"excerpt":{"rendered":"<p>El Espacio Conciencia y Memoria invita a la presentaci\u00f3n del caso Antonio Gonz\u00e1lez M\u00e9ndez, en el marco del D\u00eda Internacional de las V\u00edctimas de Desaparici\u00f3n Forzada. Antonio Gonz\u00e1lez M\u00e9ndez, miembro de las bases civiles del EZLN, fue desaparecido el 18 de enero de 1999, en Sabanilla, Chiapas, en el marco de la pol\u00edtica contrainsurgente implementada [&hellip;]<\/p>\n","protected":false},"author":8,"featured_media":83398,"comment_status":"closed","ping_status":"open","sticky":false,"template":"","format":"standard","meta":{"footnotes":""},"categories":[6],"tags":[],"class_list":["post-83397","post","type-post","status-publish","format-standard","has-post-thumbnail","hentry","category-agenda"],"_links":{"self":[{"href":"https:\/\/centroprodh.org.mx\/sididh4_0\/wp-json\/wp\/v2\/posts\/83397","targetHints":{"allow":["GET"]}}],"collection":[{"href":"https:\/\/centroprodh.org.mx\/sididh4_0\/wp-json\/wp\/v2\/posts"}],"about":[{"href":"https:\/\/centroprodh.org.mx\/sididh4_0\/wp-json\/wp\/v2\/types\/post"}],"author":[{"embeddable":true,"href":"https:\/\/centroprodh.org.mx\/sididh4_0\/wp-json\/wp\/v2\/users\/8"}],"replies":[{"embeddable":true,"href":"https:\/\/centroprodh.org.mx\/sididh4_0\/wp-json\/wp\/v2\/comments?post=83397"}],"version-history":[{"count":1,"href":"https:\/\/centroprodh.org.mx\/sididh4_0\/wp-json\/wp\/v2\/posts\/83397\/revisions"}],"predecessor-version":[{"id":83399,"href":"https:\/\/centroprodh.org.mx\/sididh4_0\/wp-json\/wp\/v2\/posts\/83397\/revisions\/83399"}],"wp:featuredmedia":[{"embeddable":true,"href":"https:\/\/centroprodh.org.mx\/sididh4_0\/wp-json\/wp\/v2\/media\/83398"}],"wp:attachment":[{"href":"https:\/\/centroprodh.org.mx\/sididh4_0\/wp-json\/wp\/v2\/media?parent=83397"}],"wp:term":[{"taxonomy":"category","embeddable":true,"href":"https:\/\/centroprodh.org.mx\/sididh4_0\/wp-json\/wp\/v2\/categories?post=83397"},{"taxonomy":"post_tag","embeddable":true,"href":"https:\/\/centroprodh.org.mx\/sididh4_0\/wp-json\/wp\/v2\/tags?post=83397"}],"curies":[{"name":"wp","href":"https:\/\/api.w.org\/{rel}","templated":true}]}}