{"id":83387,"date":"2026-08-25T09:13:22","date_gmt":"2026-08-25T15:13:22","guid":{"rendered":"https:\/\/centroprodh.org.mx\/sididh4_0\/?p=83387"},"modified":"2026-08-25T09:13:22","modified_gmt":"2026-08-25T15:13:22","slug":"conversatorio-mexico-ante-las-naciones-unidas","status":"publish","type":"post","link":"https:\/\/centroprodh.org.mx\/sididh4_0\/2026\/08\/25\/conversatorio-mexico-ante-las-naciones-unidas\/","title":{"rendered":"Conversatorio M\u00e9xico ante las Naciones Unidas"},"content":{"rendered":"<body><p><\/p>\n<p style=\"text-align: center;\"><img loading=\"lazy\" decoding=\"async\" class=\"alignnone size-medium wp-image-83388\" src=\"https:\/\/centroprodh.org.mx\/sididh4_0\/wp-content\/uploads\/2026\/08\/nacionesunidas_desaparicion-240x300.jpg\" alt=\"\" width=\"240\" height=\"300\" loading=\"lazy\" srcset=\"https:\/\/centroprodh.org.mx\/sididh4_0\/wp-content\/uploads\/2026\/08\/nacionesunidas_desaparicion-240x300.jpg 240w, https:\/\/centroprodh.org.mx\/sididh4_0\/wp-content\/uploads\/2026\/08\/nacionesunidas_desaparicion.jpg 544w\" sizes=\"auto, (max-width: 240px) 100vw, 240px\" \/><\/p>\n<p>Organizaciones civiles como la <strong>Fundaci\u00f3n para la Justicia<\/strong> y <strong>Amnist\u00eda Internacional M\u00e9xico<\/strong> invitan a la conversaci\u00f3n sobre las oportunidades que abre la agenda de desaparici\u00f3n ante la comunidad internacional para fortalecer la <strong>b\u00fasqueda, la verdad y la justicia<\/strong>.<\/p>\n<p>Ser\u00e1 el <strong>pr\u00f3ximo 28 de agosto<\/strong>, en el Colegio de San Ildefonso, de 12:00 a14:00 horas.<\/p>\n<p>Un <strong>di\u00e1logo entre familias, organizaciones y personas expertas<\/strong> para pensar c\u00f3mo avanzar hacia la verdad y la justicia. Se reflexionar\u00e1 sobre las oportunidades que existen para fortalecer los procesos de b\u00fasqueda, verdad y justicia frente a la <strong>desaparici\u00f3n en M\u00e9xico y la regi\u00f3n<\/strong>.<\/p>\n<\/body>","protected":false},"excerpt":{"rendered":"<p>Organizaciones civiles como la Fundaci\u00f3n para la Justicia y Amnist\u00eda Internacional M\u00e9xico invitan a la conversaci\u00f3n sobre las oportunidades que abre la agenda de desaparici\u00f3n ante la comunidad internacional para fortalecer la b\u00fasqueda, la verdad y la justicia. Ser\u00e1 el pr\u00f3ximo 28 de agosto, en el Colegio de San Ildefonso, de 12:00 a14:00 horas. Un [&hellip;]<\/p>\n","protected":false},"author":8,"featured_media":83388,"comment_status":"closed","ping_status":"open","sticky":false,"template":"","format":"standard","meta":{"footnotes":""},"categories":[6],"tags":[],"class_list":["post-83387","post","type-post","status-publish","format-standard","has-post-thumbnail","hentry","category-agenda"],"_links":{"self":[{"href":"https:\/\/centroprodh.org.mx\/sididh4_0\/wp-json\/wp\/v2\/posts\/83387","targetHints":{"allow":["GET"]}}],"collection":[{"href":"https:\/\/centroprodh.org.mx\/sididh4_0\/wp-json\/wp\/v2\/posts"}],"about":[{"href":"https:\/\/centroprodh.org.mx\/sididh4_0\/wp-json\/wp\/v2\/types\/post"}],"author":[{"embeddable":true,"href":"https:\/\/centroprodh.org.mx\/sididh4_0\/wp-json\/wp\/v2\/users\/8"}],"replies":[{"embeddable":true,"href":"https:\/\/centroprodh.org.mx\/sididh4_0\/wp-json\/wp\/v2\/comments?post=83387"}],"version-history":[{"count":1,"href":"https:\/\/centroprodh.org.mx\/sididh4_0\/wp-json\/wp\/v2\/posts\/83387\/revisions"}],"predecessor-version":[{"id":83389,"href":"https:\/\/centroprodh.org.mx\/sididh4_0\/wp-json\/wp\/v2\/posts\/83387\/revisions\/83389"}],"wp:featuredmedia":[{"embeddable":true,"href":"https:\/\/centroprodh.org.mx\/sididh4_0\/wp-json\/wp\/v2\/media\/83388"}],"wp:attachment":[{"href":"https:\/\/centroprodh.org.mx\/sididh4_0\/wp-json\/wp\/v2\/media?parent=83387"}],"wp:term":[{"taxonomy":"category","embeddable":true,"href":"https:\/\/centroprodh.org.mx\/sididh4_0\/wp-json\/wp\/v2\/categories?post=83387"},{"taxonomy":"post_tag","embeddable":true,"href":"https:\/\/centroprodh.org.mx\/sididh4_0\/wp-json\/wp\/v2\/tags?post=83387"}],"curies":[{"name":"wp","href":"https:\/\/api.w.org\/{rel}","templated":true}]}}