{"id":83377,"date":"2026-08-24T11:48:54","date_gmt":"2026-08-24T17:48:54","guid":{"rendered":"https:\/\/centroprodh.org.mx\/sididh4_0\/?p=83377"},"modified":"2026-08-24T11:48:54","modified_gmt":"2026-08-24T17:48:54","slug":"actividades-por-el-30-de-agosto-dia-internacional-de-las-victimas-de-desapariciones-forzadas","status":"publish","type":"post","link":"https:\/\/centroprodh.org.mx\/sididh4_0\/2026\/08\/24\/actividades-por-el-30-de-agosto-dia-internacional-de-las-victimas-de-desapariciones-forzadas\/","title":{"rendered":"Actividades por el 30 de agosto D\u00eda Internacional de las V\u00edctimas de Desapariciones Forzadas"},"content":{"rendered":"<body><p><\/p>\n<p style=\"text-align: center;\"><img loading=\"lazy\" decoding=\"async\" class=\"alignnone size-medium wp-image-83378\" src=\"https:\/\/centroprodh.org.mx\/sididh4_0\/wp-content\/uploads\/2026\/08\/glorieta_fandango_2026-240x300.jpg\" alt=\"\" width=\"240\" height=\"300\" loading=\"lazy\" srcset=\"https:\/\/centroprodh.org.mx\/sididh4_0\/wp-content\/uploads\/2026\/08\/glorieta_fandango_2026-240x300.jpg 240w, https:\/\/centroprodh.org.mx\/sididh4_0\/wp-content\/uploads\/2026\/08\/glorieta_fandango_2026.jpg 544w\" sizes=\"auto, (max-width: 240px) 100vw, 240px\" \/><\/p>\n<p>El pr\u00f3ximo 30 de agosto, <strong>D\u00eda Internacional de las V\u00edctimas de Desapariciones Forzadas<\/strong>, familias de personas desaparecidas convocan a las actividades que se realizar\u00e1n en la <strong>Glorieta de las y los desaparecidos<\/strong>.<\/p>\n<p>Las actividades cerrar\u00e1n con un<strong> Fandango masivo con versos y bailes que contribuyan a visibilizar la crisis de desaparici\u00f3n del pa\u00eds<\/strong>.<\/p>\n<p>Cada nombre importa, para arroparnos entre las familias y las personas que solidariamente acompa\u00f1an en esta lucha incansable y para recordarle al Estado que<strong> la deuda sigue vigente<\/strong>.<\/p>\n<p>\u00a1Hasta encontrarles!<\/p>\n<\/body>","protected":false},"excerpt":{"rendered":"<p>El pr\u00f3ximo 30 de agosto, D\u00eda Internacional de las V\u00edctimas de Desapariciones Forzadas, familias de personas desaparecidas convocan a las actividades que se realizar\u00e1n en la Glorieta de las y los desaparecidos. Las actividades cerrar\u00e1n con un Fandango masivo con versos y bailes que contribuyan a visibilizar la crisis de desaparici\u00f3n del pa\u00eds. Cada nombre [&hellip;]<\/p>\n","protected":false},"author":8,"featured_media":83378,"comment_status":"closed","ping_status":"open","sticky":false,"template":"","format":"standard","meta":{"footnotes":""},"categories":[6],"tags":[],"class_list":["post-83377","post","type-post","status-publish","format-standard","has-post-thumbnail","hentry","category-agenda"],"_links":{"self":[{"href":"https:\/\/centroprodh.org.mx\/sididh4_0\/wp-json\/wp\/v2\/posts\/83377","targetHints":{"allow":["GET"]}}],"collection":[{"href":"https:\/\/centroprodh.org.mx\/sididh4_0\/wp-json\/wp\/v2\/posts"}],"about":[{"href":"https:\/\/centroprodh.org.mx\/sididh4_0\/wp-json\/wp\/v2\/types\/post"}],"author":[{"embeddable":true,"href":"https:\/\/centroprodh.org.mx\/sididh4_0\/wp-json\/wp\/v2\/users\/8"}],"replies":[{"embeddable":true,"href":"https:\/\/centroprodh.org.mx\/sididh4_0\/wp-json\/wp\/v2\/comments?post=83377"}],"version-history":[{"count":1,"href":"https:\/\/centroprodh.org.mx\/sididh4_0\/wp-json\/wp\/v2\/posts\/83377\/revisions"}],"predecessor-version":[{"id":83379,"href":"https:\/\/centroprodh.org.mx\/sididh4_0\/wp-json\/wp\/v2\/posts\/83377\/revisions\/83379"}],"wp:featuredmedia":[{"embeddable":true,"href":"https:\/\/centroprodh.org.mx\/sididh4_0\/wp-json\/wp\/v2\/media\/83378"}],"wp:attachment":[{"href":"https:\/\/centroprodh.org.mx\/sididh4_0\/wp-json\/wp\/v2\/media?parent=83377"}],"wp:term":[{"taxonomy":"category","embeddable":true,"href":"https:\/\/centroprodh.org.mx\/sididh4_0\/wp-json\/wp\/v2\/categories?post=83377"},{"taxonomy":"post_tag","embeddable":true,"href":"https:\/\/centroprodh.org.mx\/sididh4_0\/wp-json\/wp\/v2\/tags?post=83377"}],"curies":[{"name":"wp","href":"https:\/\/api.w.org\/{rel}","templated":true}]}}