{"id":83370,"date":"2026-08-21T11:15:38","date_gmt":"2026-08-21T17:15:38","guid":{"rendered":"https:\/\/centroprodh.org.mx\/sididh4_0\/?p=83370"},"modified":"2026-08-21T12:45:04","modified_gmt":"2026-08-21T18:45:04","slug":"mas-carcel-igual-a-mas-seguridad","status":"publish","type":"post","link":"https:\/\/centroprodh.org.mx\/sididh4_0\/2026\/08\/21\/mas-carcel-igual-a-mas-seguridad\/","title":{"rendered":"\u00bfM\u00e1s c\u00e1rcel igual a m\u00e1s seguridad?"},"content":{"rendered":"<body><p><\/p>\n<p style=\"text-align: center;\"><img loading=\"lazy\" decoding=\"async\" class=\"alignnone size-medium wp-image-83371\" src=\"https:\/\/centroprodh.org.mx\/sididh4_0\/wp-content\/uploads\/2026\/08\/HQL-TWva4AA3Hh0-240x300.jpg\" alt=\"\" width=\"240\" height=\"300\" loading=\"lazy\" srcset=\"https:\/\/centroprodh.org.mx\/sididh4_0\/wp-content\/uploads\/2026\/08\/HQL-TWva4AA3Hh0-240x300.jpg 240w, https:\/\/centroprodh.org.mx\/sididh4_0\/wp-content\/uploads\/2026\/08\/HQL-TWva4AA3Hh0-819x1024.jpg 819w, https:\/\/centroprodh.org.mx\/sididh4_0\/wp-content\/uploads\/2026\/08\/HQL-TWva4AA3Hh0-768x960.jpg 768w, https:\/\/centroprodh.org.mx\/sididh4_0\/wp-content\/uploads\/2026\/08\/HQL-TWva4AA3Hh0.jpg 1080w\" sizes=\"auto, (max-width: 240px) 100vw, 240px\" \/><\/p>\n<p>El pasado 11 de agosto, desde la conferencia ma\u00f1anera, el secretario de Seguridad y Protecci\u00f3n Ciudadana destac\u00f3 que <strong>la poblaci\u00f3n penitenciaria en la administraci\u00f3n actual ha aumentado entre 14 y 15 por ciento<\/strong>; se\u00f1al\u00f3 que este aumento es el resultado de la Estrategia Nacional de Seguridad porque eran personas detenidas por delitos de alto impacto. Inmediatamente, la presidenta de la Rep\u00fablica aclar\u00f3 que la sobrepoblaci\u00f3n penitenciaria era un tema relevante, que <strong>deb\u00eda revisarse con un enfoque humanitario;<\/strong> y si bien habl\u00f3 sobre generar las liberaciones de personas por delitos menores o sin sentencia, tambi\u00e9n destac\u00f3 la posible creaci\u00f3n de seis centros de detenci\u00f3n en el pa\u00eds.<\/p>\n<p>Al d\u00eda siguiente, en sus redes sociales, la Secretar\u00eda de Gobernaci\u00f3n (Segob) anunci\u00f3 la instalaci\u00f3n de la <strong>Mesa de Libertad y Acceso a la Justicia<\/strong> para ampliar el programa de amnist\u00eda y preliberaciones o cambios de medida cautelar en todos los estados del pa\u00eds. <strong>Esto no es nuevo<\/strong>, desde 2021, en la anterior administraci\u00f3n, ya se hab\u00eda creado el Comit\u00e9 Permanente de Seguimiento de Preliberaciones en el que se identificar\u00eda a las personas privadas de la libertad en condici\u00f3n vulnerable con delitos no graves que podr\u00edan acceder a mecanismos de preliberaci\u00f3n, amnist\u00eda o libertad anticipada, el cual supuestamente contin\u00faa hasta la fecha y que incluso sesion\u00f3 el mes pasado.<\/p>\n<p><strong>Medir como un \u00e9xito de seguridad el n\u00famero de detenciones es una de las m\u00e1s a\u00f1ejas estrategias de un populismo punitivo<\/strong> en el pa\u00eds y en otros lugares, so pretexto de que estas acciones llevan a reducir los \u00edndices de violencia y de la comisi\u00f3n de delitos \u2014como delincuencia organizada, homicidio, secuestro y extorsi\u00f3n\u2014, aunque <strong>la relaci\u00f3n de \u201cmayor detenciones\u201d con \u201cmenos criminalidad\u201d no tenga una eficacia comprobada<\/strong>.<\/p>\n<p>Lee el art\u00edculo completo <a href=\"https:\/\/grupoanimal.mx\/opinion\/mas-carcel-igual-mas-seguridad\">en el siguiente enlace<\/a>.<\/p>\n<\/body>","protected":false},"excerpt":{"rendered":"<p>El pasado 11 de agosto, desde la conferencia ma\u00f1anera, el secretario de Seguridad y Protecci\u00f3n Ciudadana destac\u00f3 que la poblaci\u00f3n penitenciaria en la administraci\u00f3n actual ha aumentado entre 14 y 15 por ciento; se\u00f1al\u00f3 que este aumento es el resultado de la Estrategia Nacional de Seguridad porque eran personas detenidas por delitos de alto impacto. [&hellip;]<\/p>\n","protected":false},"author":8,"featured_media":83371,"comment_status":"closed","ping_status":"open","sticky":false,"template":"","format":"standard","meta":{"footnotes":""},"categories":[3],"tags":[],"class_list":["post-83370","post","type-post","status-publish","format-standard","has-post-thumbnail","hentry","category-articulo-de-opinion"],"_links":{"self":[{"href":"https:\/\/centroprodh.org.mx\/sididh4_0\/wp-json\/wp\/v2\/posts\/83370","targetHints":{"allow":["GET"]}}],"collection":[{"href":"https:\/\/centroprodh.org.mx\/sididh4_0\/wp-json\/wp\/v2\/posts"}],"about":[{"href":"https:\/\/centroprodh.org.mx\/sididh4_0\/wp-json\/wp\/v2\/types\/post"}],"author":[{"embeddable":true,"href":"https:\/\/centroprodh.org.mx\/sididh4_0\/wp-json\/wp\/v2\/users\/8"}],"replies":[{"embeddable":true,"href":"https:\/\/centroprodh.org.mx\/sididh4_0\/wp-json\/wp\/v2\/comments?post=83370"}],"version-history":[{"count":2,"href":"https:\/\/centroprodh.org.mx\/sididh4_0\/wp-json\/wp\/v2\/posts\/83370\/revisions"}],"predecessor-version":[{"id":83376,"href":"https:\/\/centroprodh.org.mx\/sididh4_0\/wp-json\/wp\/v2\/posts\/83370\/revisions\/83376"}],"wp:featuredmedia":[{"embeddable":true,"href":"https:\/\/centroprodh.org.mx\/sididh4_0\/wp-json\/wp\/v2\/media\/83371"}],"wp:attachment":[{"href":"https:\/\/centroprodh.org.mx\/sididh4_0\/wp-json\/wp\/v2\/media?parent=83370"}],"wp:term":[{"taxonomy":"category","embeddable":true,"href":"https:\/\/centroprodh.org.mx\/sididh4_0\/wp-json\/wp\/v2\/categories?post=83370"},{"taxonomy":"post_tag","embeddable":true,"href":"https:\/\/centroprodh.org.mx\/sididh4_0\/wp-json\/wp\/v2\/tags?post=83370"}],"curies":[{"name":"wp","href":"https:\/\/api.w.org\/{rel}","templated":true}]}}