{"id":83355,"date":"2026-08-20T10:22:12","date_gmt":"2026-08-20T16:22:12","guid":{"rendered":"https:\/\/centroprodh.org.mx\/sididh4_0\/?p=83355"},"modified":"2026-08-20T10:22:12","modified_gmt":"2026-08-20T16:22:12","slug":"proyeccion-de-documental-tejidos-de-luz-vida-y-comunidad-en-guatemala","status":"publish","type":"post","link":"https:\/\/centroprodh.org.mx\/sididh4_0\/2026\/08\/20\/proyeccion-de-documental-tejidos-de-luz-vida-y-comunidad-en-guatemala\/","title":{"rendered":"Proyecci\u00f3n de documental: Tejidos de Luz, Vida y Comunidad en Guatemala"},"content":{"rendered":"<body><p><\/p>\n<p style=\"text-align: center;\"><img loading=\"lazy\" decoding=\"async\" class=\"alignnone size-medium wp-image-83356\" src=\"https:\/\/centroprodh.org.mx\/sididh4_0\/wp-content\/uploads\/2026\/08\/WhatsApp-Image-2026-08-19-at-4.42.44-PM-240x300.jpeg\" alt=\"\" width=\"240\" height=\"300\" loading=\"lazy\" srcset=\"https:\/\/centroprodh.org.mx\/sididh4_0\/wp-content\/uploads\/2026\/08\/WhatsApp-Image-2026-08-19-at-4.42.44-PM-240x300.jpeg 240w, https:\/\/centroprodh.org.mx\/sididh4_0\/wp-content\/uploads\/2026\/08\/WhatsApp-Image-2026-08-19-at-4.42.44-PM-819x1024.jpeg 819w, https:\/\/centroprodh.org.mx\/sididh4_0\/wp-content\/uploads\/2026\/08\/WhatsApp-Image-2026-08-19-at-4.42.44-PM-768x960.jpeg 768w, https:\/\/centroprodh.org.mx\/sididh4_0\/wp-content\/uploads\/2026\/08\/WhatsApp-Image-2026-08-19-at-4.42.44-PM.jpeg 1080w\" sizes=\"auto, (max-width: 240px) 100vw, 240px\" \/><\/p>\n<p><strong>Nobel Women\u2019s Initiative<\/strong> invita a la <strong>Proyecci\u00f3n de documental: Tejidos de Luz, Vida y Comunidad en Guatemala<\/strong>.<\/p>\n<p>Este documental re\u00fane las <strong>voces de mujeres guatemaltecas<\/strong> y sus historias de <strong>resistencia en b\u00fasqueda de la paz, la justicia, la libertad y de poder vivir una vida sin miedo<\/strong>.<\/p>\n<p>Al finalizar la proyecci\u00f3n, tendremos un<strong> conversatorio en el que nos acompa\u00f1aran Virginia Laparra y Luc\u00eda Escobar<\/strong>, para compartirnos sobre su experiencia y dialogar en comunidad.<\/p>\n<p>Ser\u00e1 el s\u00e1bado 22 de agosto a las 12:00 horas en la <strong>librer\u00eda U-T\u00f3picas<\/strong> (Felipe Carrillo Puerto 60, Coyoac\u00e1n, Ciudad de M\u00e9xico).<\/p>\n<\/body>","protected":false},"excerpt":{"rendered":"<p>Nobel Women\u2019s Initiative invita a la Proyecci\u00f3n de documental: Tejidos de Luz, Vida y Comunidad en Guatemala. Este documental re\u00fane las voces de mujeres guatemaltecas y sus historias de resistencia en b\u00fasqueda de la paz, la justicia, la libertad y de poder vivir una vida sin miedo. Al finalizar la proyecci\u00f3n, tendremos un conversatorio en [&hellip;]<\/p>\n","protected":false},"author":8,"featured_media":83356,"comment_status":"closed","ping_status":"open","sticky":false,"template":"","format":"standard","meta":{"footnotes":""},"categories":[6],"tags":[],"class_list":["post-83355","post","type-post","status-publish","format-standard","has-post-thumbnail","hentry","category-agenda"],"_links":{"self":[{"href":"https:\/\/centroprodh.org.mx\/sididh4_0\/wp-json\/wp\/v2\/posts\/83355","targetHints":{"allow":["GET"]}}],"collection":[{"href":"https:\/\/centroprodh.org.mx\/sididh4_0\/wp-json\/wp\/v2\/posts"}],"about":[{"href":"https:\/\/centroprodh.org.mx\/sididh4_0\/wp-json\/wp\/v2\/types\/post"}],"author":[{"embeddable":true,"href":"https:\/\/centroprodh.org.mx\/sididh4_0\/wp-json\/wp\/v2\/users\/8"}],"replies":[{"embeddable":true,"href":"https:\/\/centroprodh.org.mx\/sididh4_0\/wp-json\/wp\/v2\/comments?post=83355"}],"version-history":[{"count":1,"href":"https:\/\/centroprodh.org.mx\/sididh4_0\/wp-json\/wp\/v2\/posts\/83355\/revisions"}],"predecessor-version":[{"id":83357,"href":"https:\/\/centroprodh.org.mx\/sididh4_0\/wp-json\/wp\/v2\/posts\/83355\/revisions\/83357"}],"wp:featuredmedia":[{"embeddable":true,"href":"https:\/\/centroprodh.org.mx\/sididh4_0\/wp-json\/wp\/v2\/media\/83356"}],"wp:attachment":[{"href":"https:\/\/centroprodh.org.mx\/sididh4_0\/wp-json\/wp\/v2\/media?parent=83355"}],"wp:term":[{"taxonomy":"category","embeddable":true,"href":"https:\/\/centroprodh.org.mx\/sididh4_0\/wp-json\/wp\/v2\/categories?post=83355"},{"taxonomy":"post_tag","embeddable":true,"href":"https:\/\/centroprodh.org.mx\/sididh4_0\/wp-json\/wp\/v2\/tags?post=83355"}],"curies":[{"name":"wp","href":"https:\/\/api.w.org\/{rel}","templated":true}]}}