{"id":83343,"date":"2026-08-19T12:14:48","date_gmt":"2026-08-19T18:14:48","guid":{"rendered":"https:\/\/centroprodh.org.mx\/sididh4_0\/?p=83343"},"modified":"2026-08-19T12:14:48","modified_gmt":"2026-08-19T18:14:48","slug":"dialogos-contra-la-desaparicion","status":"publish","type":"post","link":"https:\/\/centroprodh.org.mx\/sididh4_0\/2026\/08\/19\/dialogos-contra-la-desaparicion\/","title":{"rendered":"Di\u00e1logos contra la Desaparici\u00f3n"},"content":{"rendered":"<body><p><\/p>\n<p style=\"text-align: center;\"><img loading=\"lazy\" decoding=\"async\" class=\"alignnone size-medium wp-image-83344\" src=\"https:\/\/centroprodh.org.mx\/sididh4_0\/wp-content\/uploads\/2026\/08\/amnistia-240x300.jpg\" alt=\"\" width=\"240\" height=\"300\" loading=\"lazy\" srcset=\"https:\/\/centroprodh.org.mx\/sididh4_0\/wp-content\/uploads\/2026\/08\/amnistia-240x300.jpg 240w, https:\/\/centroprodh.org.mx\/sididh4_0\/wp-content\/uploads\/2026\/08\/amnistia.jpg 544w\" sizes=\"auto, (max-width: 240px) 100vw, 240px\" \/><\/p>\n<p>Amnist\u00eda Internacional invita a la <strong>tercera sesi\u00f3n de Di\u00e1logos contra la Desaparici\u00f3n<\/strong>, un espacio para hablar sobre las obligaciones del Estado y los est\u00e1ndares nacionales e internacionales que deben garantizar los<strong> derechos de las personas desaparecidas y sus familias<\/strong>.<\/p>\n<p>Estar\u00e1<strong> Al\u00e1n Garc\u00eda, de la Oficina de Naciones Unidas para los Derechos Humanos<\/strong> en conversaci\u00f3n con <strong>Ximena Ugarte, abogada del Instituto Mexicano de Derechos Humanos y Democracia<\/strong> (IMDHD).<\/p>\n<p>Ser\u00e1 el 20 de agosto, a las 19:00 horas. El registro gratuito; sin embargo el<strong> cupo es limitado.<\/strong><\/p>\n<p>Puedes registrarte <a href=\"https:\/\/shorturl.at\/CGLeh\">en el siguiente enlace<\/a>.<\/p>\n<\/body>","protected":false},"excerpt":{"rendered":"<p>Amnist\u00eda Internacional invita a la tercera sesi\u00f3n de Di\u00e1logos contra la Desaparici\u00f3n, un espacio para hablar sobre las obligaciones del Estado y los est\u00e1ndares nacionales e internacionales que deben garantizar los derechos de las personas desaparecidas y sus familias. Estar\u00e1 Al\u00e1n Garc\u00eda, de la Oficina de Naciones Unidas para los Derechos Humanos en conversaci\u00f3n con [&hellip;]<\/p>\n","protected":false},"author":8,"featured_media":83344,"comment_status":"closed","ping_status":"open","sticky":false,"template":"","format":"standard","meta":{"footnotes":""},"categories":[6],"tags":[],"class_list":["post-83343","post","type-post","status-publish","format-standard","has-post-thumbnail","hentry","category-agenda"],"_links":{"self":[{"href":"https:\/\/centroprodh.org.mx\/sididh4_0\/wp-json\/wp\/v2\/posts\/83343","targetHints":{"allow":["GET"]}}],"collection":[{"href":"https:\/\/centroprodh.org.mx\/sididh4_0\/wp-json\/wp\/v2\/posts"}],"about":[{"href":"https:\/\/centroprodh.org.mx\/sididh4_0\/wp-json\/wp\/v2\/types\/post"}],"author":[{"embeddable":true,"href":"https:\/\/centroprodh.org.mx\/sididh4_0\/wp-json\/wp\/v2\/users\/8"}],"replies":[{"embeddable":true,"href":"https:\/\/centroprodh.org.mx\/sididh4_0\/wp-json\/wp\/v2\/comments?post=83343"}],"version-history":[{"count":1,"href":"https:\/\/centroprodh.org.mx\/sididh4_0\/wp-json\/wp\/v2\/posts\/83343\/revisions"}],"predecessor-version":[{"id":83345,"href":"https:\/\/centroprodh.org.mx\/sididh4_0\/wp-json\/wp\/v2\/posts\/83343\/revisions\/83345"}],"wp:featuredmedia":[{"embeddable":true,"href":"https:\/\/centroprodh.org.mx\/sididh4_0\/wp-json\/wp\/v2\/media\/83344"}],"wp:attachment":[{"href":"https:\/\/centroprodh.org.mx\/sididh4_0\/wp-json\/wp\/v2\/media?parent=83343"}],"wp:term":[{"taxonomy":"category","embeddable":true,"href":"https:\/\/centroprodh.org.mx\/sididh4_0\/wp-json\/wp\/v2\/categories?post=83343"},{"taxonomy":"post_tag","embeddable":true,"href":"https:\/\/centroprodh.org.mx\/sididh4_0\/wp-json\/wp\/v2\/tags?post=83343"}],"curies":[{"name":"wp","href":"https:\/\/api.w.org\/{rel}","templated":true}]}}