{"id":83329,"date":"2026-08-17T12:14:35","date_gmt":"2026-08-17T18:14:35","guid":{"rendered":"https:\/\/centroprodh.org.mx\/sididh4_0\/?p=83329"},"modified":"2026-08-17T12:14:35","modified_gmt":"2026-08-17T18:14:35","slug":"sedena-abre-tus-archivos","status":"publish","type":"post","link":"https:\/\/centroprodh.org.mx\/sididh4_0\/2026\/08\/17\/sedena-abre-tus-archivos\/","title":{"rendered":"\u00a1Sedena, abre tus archivos!"},"content":{"rendered":"<body><p><\/p>\n<p style=\"text-align: center;\"><img loading=\"lazy\" decoding=\"async\" class=\"alignnone size-medium wp-image-83330\" src=\"https:\/\/centroprodh.org.mx\/sididh4_0\/wp-content\/uploads\/2026\/08\/sedena_ap_archivos-240x300.jpg\" alt=\"\" width=\"240\" height=\"300\" loading=\"lazy\" srcset=\"https:\/\/centroprodh.org.mx\/sididh4_0\/wp-content\/uploads\/2026\/08\/sedena_ap_archivos-240x300.jpg 240w, https:\/\/centroprodh.org.mx\/sididh4_0\/wp-content\/uploads\/2026\/08\/sedena_ap_archivos-819x1024.jpg 819w, https:\/\/centroprodh.org.mx\/sididh4_0\/wp-content\/uploads\/2026\/08\/sedena_ap_archivos-768x960.jpg 768w, https:\/\/centroprodh.org.mx\/sididh4_0\/wp-content\/uploads\/2026\/08\/sedena_ap_archivos.jpg 1080w\" sizes=\"auto, (max-width: 240px) 100vw, 240px\" \/><\/p>\n<p>Para cientos de familias que buscan a sus seres queridos desaparecidos durante la llamada <strong>\u201cGuerra Sucia\u201d, los archivos y la informaci\u00f3n en poder de las autoridades<\/strong> \u2013civiles y castrenses\u2013 son un territorio m\u00e1s en disputa para una larga b\u00fasqueda de la verdad.<\/p>\n<p>Como una batalla ganada en esta b\u00fasqueda, el pasado 6 de agosto, el Poder Judicial de la Federaci\u00f3n reconoci\u00f3 que la <strong>Secretar\u00eda de la Defensa Nacional (Sedena)<\/strong> ha sido omisa en cumplir con el<a href=\"https:\/\/dof.gob.mx\/nota_detalle.php?codigo=5551415&amp;fecha=28\/02\/2019#gsc.tab=0\">\u00a0Acuerdo Presidencial de 2019<\/a>, que orden\u00f3 entregar al <strong>Archivo General de la Naci\u00f3n (AGN)<\/strong> los archivos hist\u00f3ricos relacionados con graves violaciones a <strong>derechos humanos y persecuciones pol\u00edticas<\/strong> cometidas contra <strong>movimientos pol\u00edticos y sociales del pasado en el periodo de 1965-1990<\/strong>, as\u00ed como garantizar que la informaci\u00f3n transferida fuera de acceso p\u00fablico, y abri\u00f3 camino para que una nueva comisi\u00f3n imparcial pueda garantizar la transferencia de estos archivos.<\/p>\n<div class=\"article-incontent-ad\" data-ad-slot=\"div-gpt-ad-8382988-118\">\n<div class=\"flex flex-col items-center justify-center w-full py-4 min-h-[250px] bg-transparent \" data-testid=\"ad-div-gpt-ad-8382988-118\">\n<div class=\"w-full max-w-[320px] overflow-hidden lg:max-w-none flex items-center justify-center\">\n<div id=\"div-gpt-ad-8382988-118\" data-google-query-id=\"COaBh5WhqJYDFSn2SgAdIg0lFg\">Lee el art\u00edculo completo en <a href=\"https:\/\/grupoanimal.mx\/opinion\/sedena-abre-tus-archivos\"><em>Animal Pol\u00edtico<\/em><\/a>.<\/div>\n<\/div>\n<\/div>\n<\/div>\n<p><\/p>\n<\/body>","protected":false},"excerpt":{"rendered":"<p>Para cientos de familias que buscan a sus seres queridos desaparecidos durante la llamada \u201cGuerra Sucia\u201d, los archivos y la informaci\u00f3n en poder de las autoridades \u2013civiles y castrenses\u2013 son un territorio m\u00e1s en disputa para una larga b\u00fasqueda de la verdad. Como una batalla ganada en esta b\u00fasqueda, el pasado 6 de agosto, el [&hellip;]<\/p>\n","protected":false},"author":8,"featured_media":83330,"comment_status":"closed","ping_status":"open","sticky":false,"template":"","format":"standard","meta":{"footnotes":""},"categories":[3],"tags":[],"class_list":["post-83329","post","type-post","status-publish","format-standard","has-post-thumbnail","hentry","category-articulo-de-opinion"],"_links":{"self":[{"href":"https:\/\/centroprodh.org.mx\/sididh4_0\/wp-json\/wp\/v2\/posts\/83329","targetHints":{"allow":["GET"]}}],"collection":[{"href":"https:\/\/centroprodh.org.mx\/sididh4_0\/wp-json\/wp\/v2\/posts"}],"about":[{"href":"https:\/\/centroprodh.org.mx\/sididh4_0\/wp-json\/wp\/v2\/types\/post"}],"author":[{"embeddable":true,"href":"https:\/\/centroprodh.org.mx\/sididh4_0\/wp-json\/wp\/v2\/users\/8"}],"replies":[{"embeddable":true,"href":"https:\/\/centroprodh.org.mx\/sididh4_0\/wp-json\/wp\/v2\/comments?post=83329"}],"version-history":[{"count":1,"href":"https:\/\/centroprodh.org.mx\/sididh4_0\/wp-json\/wp\/v2\/posts\/83329\/revisions"}],"predecessor-version":[{"id":83331,"href":"https:\/\/centroprodh.org.mx\/sididh4_0\/wp-json\/wp\/v2\/posts\/83329\/revisions\/83331"}],"wp:featuredmedia":[{"embeddable":true,"href":"https:\/\/centroprodh.org.mx\/sididh4_0\/wp-json\/wp\/v2\/media\/83330"}],"wp:attachment":[{"href":"https:\/\/centroprodh.org.mx\/sididh4_0\/wp-json\/wp\/v2\/media?parent=83329"}],"wp:term":[{"taxonomy":"category","embeddable":true,"href":"https:\/\/centroprodh.org.mx\/sididh4_0\/wp-json\/wp\/v2\/categories?post=83329"},{"taxonomy":"post_tag","embeddable":true,"href":"https:\/\/centroprodh.org.mx\/sididh4_0\/wp-json\/wp\/v2\/tags?post=83329"}],"curies":[{"name":"wp","href":"https:\/\/api.w.org\/{rel}","templated":true}]}}