{"id":83323,"date":"2026-08-17T11:58:19","date_gmt":"2026-08-17T17:58:19","guid":{"rendered":"https:\/\/centroprodh.org.mx\/sididh4_0\/?p=83323"},"modified":"2026-08-17T11:58:19","modified_gmt":"2026-08-17T17:58:19","slug":"horizontes-y-desafios-y-para-los-abordajes-interseccionales-de-la-violencia-de-genero","status":"publish","type":"post","link":"https:\/\/centroprodh.org.mx\/sididh4_0\/2026\/08\/17\/horizontes-y-desafios-y-para-los-abordajes-interseccionales-de-la-violencia-de-genero\/","title":{"rendered":"Horizontes y desaf\u00edos y para los abordajes interseccionales de la violencia de g\u00e9nero"},"content":{"rendered":"<body><p><\/p>\n<p style=\"text-align: center;\"><img loading=\"lazy\" decoding=\"async\" class=\"alignnone size-medium wp-image-83324\" src=\"https:\/\/centroprodh.org.mx\/sididh4_0\/wp-content\/uploads\/2026\/08\/intersecta-abordajes-y-desafios-240x300.jpg\" alt=\"\" width=\"240\" height=\"300\" loading=\"lazy\" srcset=\"https:\/\/centroprodh.org.mx\/sididh4_0\/wp-content\/uploads\/2026\/08\/intersecta-abordajes-y-desafios-240x300.jpg 240w, https:\/\/centroprodh.org.mx\/sididh4_0\/wp-content\/uploads\/2026\/08\/intersecta-abordajes-y-desafios.jpg 544w\" sizes=\"auto, (max-width: 240px) 100vw, 240px\" \/><\/p>\n<p>La <strong>organizaci\u00f3n feminista Intersecta<\/strong> invita al conversatorio<strong> \u201cHorizontes y desaf\u00edos para los abordajes interseccionales de la violencia de g\u00e9nero contra las mujeres en Am\u00e9rica Latina\u201d<\/strong>.<\/p>\n<p>Por medio de distintas mesas y reflexiones, se buscar\u00e1 <strong>dialogar e intercambiar<\/strong> experiencias que puedan contribuir a dise\u00f1ar las pol\u00edticas necesarias en la actualidad. El objetivo durante toda la jornada es tener una visi\u00f3n integral de lo que sucede en distintos pa\u00edses de Am\u00e9rica Latina respecto a las pol\u00edticas para la prevenci\u00f3n y atenci\u00f3n de la <strong>violencia de g\u00e9nero contra las mujeres<\/strong>.<\/p>\n<p>El evento ser\u00e1 el pr\u00f3ximo jueves 27 de agosto de 2026, de 09:00 a 17:00 horas, en la<strong> Comisi\u00f3n de Derechos Humanos de la Ciudad de M\u00e9xico<\/strong> (Av. Universidad 1449, Axotla, \u00c1lvaro Obreg\u00f3n).<\/p>\n<p>Reg\u00edstrate en el <a href=\"https:\/\/docs.google.com\/forms\/d\/e\/1FAIpQLSdHX5SlCvhwVBZ_wwpxTE8NXQZ0uTVY_Aupf3dLM-068YAzpQ\/viewform\">siguiente enlace<\/a>.<\/p>\n<\/body>","protected":false},"excerpt":{"rendered":"<p>La organizaci\u00f3n feminista Intersecta invita al conversatorio \u201cHorizontes y desaf\u00edos para los abordajes interseccionales de la violencia de g\u00e9nero contra las mujeres en Am\u00e9rica Latina\u201d. Por medio de distintas mesas y reflexiones, se buscar\u00e1 dialogar e intercambiar experiencias que puedan contribuir a dise\u00f1ar las pol\u00edticas necesarias en la actualidad. El objetivo durante toda la jornada [&hellip;]<\/p>\n","protected":false},"author":8,"featured_media":83324,"comment_status":"closed","ping_status":"open","sticky":false,"template":"","format":"standard","meta":{"footnotes":""},"categories":[6],"tags":[],"class_list":["post-83323","post","type-post","status-publish","format-standard","has-post-thumbnail","hentry","category-agenda"],"_links":{"self":[{"href":"https:\/\/centroprodh.org.mx\/sididh4_0\/wp-json\/wp\/v2\/posts\/83323","targetHints":{"allow":["GET"]}}],"collection":[{"href":"https:\/\/centroprodh.org.mx\/sididh4_0\/wp-json\/wp\/v2\/posts"}],"about":[{"href":"https:\/\/centroprodh.org.mx\/sididh4_0\/wp-json\/wp\/v2\/types\/post"}],"author":[{"embeddable":true,"href":"https:\/\/centroprodh.org.mx\/sididh4_0\/wp-json\/wp\/v2\/users\/8"}],"replies":[{"embeddable":true,"href":"https:\/\/centroprodh.org.mx\/sididh4_0\/wp-json\/wp\/v2\/comments?post=83323"}],"version-history":[{"count":1,"href":"https:\/\/centroprodh.org.mx\/sididh4_0\/wp-json\/wp\/v2\/posts\/83323\/revisions"}],"predecessor-version":[{"id":83325,"href":"https:\/\/centroprodh.org.mx\/sididh4_0\/wp-json\/wp\/v2\/posts\/83323\/revisions\/83325"}],"wp:featuredmedia":[{"embeddable":true,"href":"https:\/\/centroprodh.org.mx\/sididh4_0\/wp-json\/wp\/v2\/media\/83324"}],"wp:attachment":[{"href":"https:\/\/centroprodh.org.mx\/sididh4_0\/wp-json\/wp\/v2\/media?parent=83323"}],"wp:term":[{"taxonomy":"category","embeddable":true,"href":"https:\/\/centroprodh.org.mx\/sididh4_0\/wp-json\/wp\/v2\/categories?post=83323"},{"taxonomy":"post_tag","embeddable":true,"href":"https:\/\/centroprodh.org.mx\/sididh4_0\/wp-json\/wp\/v2\/tags?post=83323"}],"curies":[{"name":"wp","href":"https:\/\/api.w.org\/{rel}","templated":true}]}}